{"id":15676,"date":"2016-08-16T14:12:31","date_gmt":"2016-08-16T14:12:31","guid":{"rendered":"http:\/\/archiv.szolnoktv.hu\/?p=15676"},"modified":"2021-08-26T08:06:17","modified_gmt":"2021-08-26T08:06:17","slug":"megfordul-a-dozsa-gyorgy-ut-az-arany-janos-ut-behajtasi-iranya","status":"publish","type":"post","link":"http:\/\/archiv.szolnoktv.hu\/?p=15676","title":{"rendered":"Megfordul a D\u00f3zsa Gy\u00f6rgy \u00fat az Arany J\u00e1nos \u00fat behajt\u00e1si ir\u00e1nya"},"content":{"rendered":"<div class='booster-block booster-read-block'><\/div><p>Augusztus 28-\u00e1n reggel kilenckor megfordul a D\u00f3zsa Gy\u00f6rgy \u00fat \u00e9s az Arany J\u00e1nos \u00fat behajt\u00e1si ir\u00e1nya. A v\u00e1ltoztat\u00e1sra az\u00e9rt volt sz\u00fcks\u00e9g, mert az ut\u00f3bbi id\u0151ben megszaporodtak a k\u00e9t utca k\u00f6rny\u00e9k\u00e9n az anyagi k\u00e1ros balesetek. A k\u00f6zleked\u0151ket l\u00e1mpa is seg\u00edti majd. A v\u00e1ros sz\u00f3r\u00f3lap seg\u00edts\u00e9g\u00e9vel \u00e9rtes\u00edti ki az \u00e9rintett utc\u00e1kban \u00e9l\u0151ket.<\/p>\n<div style=\"width: 640px;\" class=\"wp-video\"><!--[if lt IE 9]><script>document.createElement('video');<\/script><![endif]-->\n<video class=\"wp-video-shortcode\" id=\"video-15676-1\" width=\"640\" height=\"360\" preload=\"metadata\" controls=\"controls\"><source type=\"video\/mp4\" src=\"\/spots\/hir\/hir_160816_01.mp4?_=1\" \/><a href=\"\/spots\/hir\/hir_160816_01.mp4\">\/spots\/hir\/hir_160816_01.mp4<\/a><\/video><\/div>\n","protected":false},"excerpt":{"rendered":"<p>Augusztus 28-\u00e1n reggel kilenckor megfordul a D\u00f3zsa Gy\u00f6rgy \u00fat \u00e9s az Arany J\u00e1nos \u00fat behajt\u00e1si ir\u00e1nya. A v\u00e1ltoztat\u00e1sra az\u00e9rt volt sz\u00fcks\u00e9g, mert az ut\u00f3bbi id\u0151ben megszaporodtak a k\u00e9t utca k\u00f6rny\u00e9k\u00e9n az anyagi k\u00e1ros balesetek. A k\u00f6zleked\u0151ket l\u00e1mpa is seg\u00edti majd. A v\u00e1ros sz\u00f3r\u00f3lap seg\u00edts\u00e9g\u00e9vel \u00e9rtes\u00edti ki az \u00e9rintett utc\u00e1kban \u00e9l\u0151ket.<\/p>\n","protected":false},"author":2,"featured_media":0,"comment_status":"closed","ping_status":"closed","sticky":false,"template":"","format":"standard","meta":[],"categories":[16],"tags":[],"_links":{"self":[{"href":"http:\/\/archiv.szolnoktv.hu\/index.php?rest_route=\/wp\/v2\/posts\/15676"}],"collection":[{"href":"http:\/\/archiv.szolnoktv.hu\/index.php?rest_route=\/wp\/v2\/posts"}],"about":[{"href":"http:\/\/archiv.szolnoktv.hu\/index.php?rest_route=\/wp\/v2\/types\/post"}],"author":[{"embeddable":true,"href":"http:\/\/archiv.szolnoktv.hu\/index.php?rest_route=\/wp\/v2\/users\/2"}],"replies":[{"embeddable":true,"href":"http:\/\/archiv.szolnoktv.hu\/index.php?rest_route=%2Fwp%2Fv2%2Fcomments&post=15676"}],"version-history":[{"count":1,"href":"http:\/\/archiv.szolnoktv.hu\/index.php?rest_route=\/wp\/v2\/posts\/15676\/revisions"}],"predecessor-version":[{"id":15703,"href":"http:\/\/archiv.szolnoktv.hu\/index.php?rest_route=\/wp\/v2\/posts\/15676\/revisions\/15703"}],"wp:attachment":[{"href":"http:\/\/archiv.szolnoktv.hu\/index.php?rest_route=%2Fwp%2Fv2%2Fmedia&parent=15676"}],"wp:term":[{"taxonomy":"category","embeddable":true,"href":"http:\/\/archiv.szolnoktv.hu\/index.php?rest_route=%2Fwp%2Fv2%2Fcategories&post=15676"},{"taxonomy":"post_tag","embeddable":true,"href":"http:\/\/archiv.szolnoktv.hu\/index.php?rest_route=%2Fwp%2Fv2%2Ftags&post=15676"}],"curies":[{"name":"wp","href":"https:\/\/api.w.org\/{rel}","templated":true}]}}