{"id":15675,"date":"2016-08-15T18:32:11","date_gmt":"2016-08-15T18:32:11","guid":{"rendered":"http:\/\/archiv.szolnoktv.hu\/?p=15675"},"modified":"2021-08-26T08:06:18","modified_gmt":"2021-08-26T08:06:18","slug":"uj-parancsnok-az-mh-86-helikopter-bazison","status":"publish","type":"post","link":"http:\/\/archiv.szolnoktv.hu\/?p=15675","title":{"rendered":"\u00daj parancsnok az MH 86. Helikopter B\u00e1zison"},"content":{"rendered":"<div class='booster-block booster-read-block'><\/div><p>Holnapt\u00f3l Lamos Imre nyug\u00e1llom\u00e1nyba vonul\u00e1sa miatt \u00faj parancsnok vezeti az MH 86. Szolnok Helikopter B\u00e1zist. Dr. Koller J\u00f3zsef ezredes h\u00e9t \u00e9vig parancsnokhelyettesi tiszts\u00e9get t\u00f6lt\u00f6tt be az orsz\u00e1g egyik legjelent\u0151sebb katonai b\u00e1zis\u00e1n, \u00edgy nem lesz sz\u00e1m\u00e1ra ismeretlen a feladat.<\/p>\n<p>Holnapt\u00f3l Lamos Imre nyug\u00e1llom\u00e1nyba vonul\u00e1sa miatt \u00faj parancsnok vezeti az MH 86. Szolnok Helikopter B\u00e1zist. Dr. Koller J\u00f3zsef ezredes h\u00e9t \u00e9vig parancsnokhelyettesi tiszts\u00e9get t\u00f6lt\u00f6tt be az orsz\u00e1g egyik legjelent\u0151sebb katonai b\u00e1zis\u00e1n, \u00edgy nem lesz sz\u00e1m\u00e1ra ismeretlen a feladat.<br \/>\n<div style=\"width: 640px;\" class=\"wp-video\"><!--[if lt IE 9]><script>document.createElement('video');<\/script><![endif]-->\n<video class=\"wp-video-shortcode\" id=\"video-15675-1\" width=\"640\" height=\"360\" preload=\"metadata\" controls=\"controls\"><source type=\"video\/mp4\" src=\"\/spots\/hir\/hir_160815_07.mp4?_=1\" \/><a href=\"\/spots\/hir\/hir_160815_07.mp4\">\/spots\/hir\/hir_160815_07.mp4<\/a><\/video><\/div><\/p>\n","protected":false},"excerpt":{"rendered":"<p>Holnapt\u00f3l Lamos Imre nyug\u00e1llom\u00e1nyba vonul\u00e1sa miatt \u00faj parancsnok vezeti az MH 86. Szolnok Helikopter B\u00e1zist. Dr. Koller J\u00f3zsef ezredes h\u00e9t \u00e9vig parancsnokhelyettesi tiszts\u00e9get t\u00f6lt\u00f6tt be az orsz\u00e1g egyik legjelent\u0151sebb katonai b\u00e1zis\u00e1n, \u00edgy nem lesz sz\u00e1m\u00e1ra ismeretlen a feladat. Holnapt\u00f3l Lamos Imre nyug\u00e1llom\u00e1nyba vonul\u00e1sa miatt \u00faj parancsnok vezeti az MH 86. Szolnok Helikopter B\u00e1zist. Dr. Koller [&hellip;]<\/p>\n","protected":false},"author":2,"featured_media":0,"comment_status":"closed","ping_status":"closed","sticky":false,"template":"","format":"standard","meta":[],"categories":[16],"tags":[],"_links":{"self":[{"href":"http:\/\/archiv.szolnoktv.hu\/index.php?rest_route=\/wp\/v2\/posts\/15675"}],"collection":[{"href":"http:\/\/archiv.szolnoktv.hu\/index.php?rest_route=\/wp\/v2\/posts"}],"about":[{"href":"http:\/\/archiv.szolnoktv.hu\/index.php?rest_route=\/wp\/v2\/types\/post"}],"author":[{"embeddable":true,"href":"http:\/\/archiv.szolnoktv.hu\/index.php?rest_route=\/wp\/v2\/users\/2"}],"replies":[{"embeddable":true,"href":"http:\/\/archiv.szolnoktv.hu\/index.php?rest_route=%2Fwp%2Fv2%2Fcomments&post=15675"}],"version-history":[{"count":1,"href":"http:\/\/archiv.szolnoktv.hu\/index.php?rest_route=\/wp\/v2\/posts\/15675\/revisions"}],"predecessor-version":[{"id":15704,"href":"http:\/\/archiv.szolnoktv.hu\/index.php?rest_route=\/wp\/v2\/posts\/15675\/revisions\/15704"}],"wp:attachment":[{"href":"http:\/\/archiv.szolnoktv.hu\/index.php?rest_route=%2Fwp%2Fv2%2Fmedia&parent=15675"}],"wp:term":[{"taxonomy":"category","embeddable":true,"href":"http:\/\/archiv.szolnoktv.hu\/index.php?rest_route=%2Fwp%2Fv2%2Fcategories&post=15675"},{"taxonomy":"post_tag","embeddable":true,"href":"http:\/\/archiv.szolnoktv.hu\/index.php?rest_route=%2Fwp%2Fv2%2Ftags&post=15675"}],"curies":[{"name":"wp","href":"https:\/\/api.w.org\/{rel}","templated":true}]}}