{"id":15673,"date":"2016-08-15T18:26:24","date_gmt":"2016-08-15T18:26:24","guid":{"rendered":"http:\/\/archiv.szolnoktv.hu\/?p=15673"},"modified":"2021-08-26T08:06:18","modified_gmt":"2021-08-26T08:06:18","slug":"rendkivuli-kozgyules-5","status":"publish","type":"post","link":"http:\/\/archiv.szolnoktv.hu\/?p=15673","title":{"rendered":"Rendk\u00edv\u00fcli k\u00f6zgy\u0171l\u00e9s"},"content":{"rendered":"<div class='booster-block booster-read-block'><\/div><p>A soron k\u00edv\u00fcli test\u00fcleti \u00fcl\u00e9sen tov\u00e1bbi p\u00e1ly\u00e1zatok sors\u00e1r\u00f3l is d\u00f6nt\u00f6ttek a k\u00e9pvisel\u0151k. Ennek megfelel\u0151en fel\u00faj\u00edtj\u00e1k a Mester \u00fati laktanya hely\u00e9t \u00e9s az oda vezet\u0151 utat, b\u0151v\u00edtik, illetve \u00e1t\u00e9p\u00edtik a Simon Ferenc \u00fati b\u00f6lcs\u0151d\u00e9t \u00e9s a Hold \u00fati \u00d3vod\u00e1t. A test\u00fclet hat\u00e1rozata alapj\u00e1n hamarosan rendbe teszik a Tisza parkot \u00e9s a T\u00fcd\u0151k\u00f3rh\u00e1z parkj\u00e1t is.<\/p>\n<p>A Ter\u00fclet- \u00e9s Telep\u00fcl\u00e9sfejleszt\u00e9si Operat\u00edv Program r\u00e9szek\u00e9nt 13, v\u00e1ros fejleszt\u00e9st szolg\u00e1l\u00f3 p\u00e1ly\u00e1zatot adott be a megyesz\u00e9khely, ebb\u0151l hatot t\u00e1rgyaltak a test\u00fcleti \u00fcl\u00e9sen. A szolnoki munkahelyek b\u0151v\u00edt\u00e9se \u00e9rdek\u00e9ben 1 milli\u00e1rd 166 milli\u00f3 forinttal seg\u00edtik majd -ahogyan Szalay Ferenc fogalmazott- sokak munk\u00e1hoz jut\u00e1s\u00e1t, a telep\u00fcl\u00e9s c\u00e9gein\u00e9l a munkav\u00e1llal\u00f3k elhelyezked\u00e9s\u00e9t. A k\u00e9pvisel\u0151k d\u00f6nt\u00e9se eredm\u00e9nyek\u00e9nt k\u00e9t \u00faj street work out p\u00e1lya \u00e9p\u00fcl majd, egyik a Sz\u00e9chenyi lak\u00f3telepen a BMX p\u00e1lya k\u00f6zel\u00e9ben, m\u00e1sik a K\u0151r\u00f6si Csoma S\u00e1ndor \u00c1ltal\u00e1nos iskola m\u00f6g\u00f6tti ter\u00fcleten. A k\u00e9pvisel\u0151k -miut\u00e1n megszavazt\u00e1k a Mester \u00fat \u00e9s k\u00f6rny\u00e9k\u00e9nek rendbet\u00e9tel\u00e9t- szint\u00e9n igennel voksoltak az ehhez sz\u00fcks\u00e9ges k\u00f6zbeszerz\u00e9si elj\u00e1r\u00e1s ki\u00edr\u00e1s\u00e1hoz sz\u00fcks\u00e9ges 1 milli\u00e1rd forint keretmeg\u00e1llapod\u00e1s\u00e1r\u00f3l is. Meg\u00fajul a Simon Ferenc \u00fati b\u00f6lcs\u0151de is, miut\u00e1n egybehangz\u00f3an megszavazt\u00e1k a k\u00e9pvisel\u0151k az err\u0151l sz\u00f3l\u00f3 el\u0151terjeszt\u00e9st. A Hold \u00fati \u00f3voda \u00fajj\u00e1\u00e9p\u00edt\u00e9s\u00e9re 364 milli\u00f3 forint p\u00e1ly\u00e1zati \u00f6sszeget ford\u00edt a v\u00e1ros. A beruh\u00e1z\u00e1s r\u00e9szek\u00e9nt egy \u00faj \u00f3voda \u00e9p\u00fcl majd a r\u00e9gi hely\u00e9re. A Tisza park Verseghy Ferenc Gimn\u00e1zium el\u0151tti ter\u00fclet\u00e9t is rendbe teszik. A g\u00e1zfogad\u00f3 \u00faj funkci\u00f3t kap majd \u00e9s \u00faj j\u00e1tsz\u00f3teret is \u00e9p\u00edtenek. A v\u00e1ros 555 milli\u00f3 forint p\u00e1ly\u00e1zati p\u00e9nzt ford\u00edt a T\u00fcd\u0151 k\u00f3rh\u00e1z \u0151sparkj\u00e1nak rendbet\u00e9tel\u00e9re is, ezzel seg\u00edtve a z\u00f6ld v\u00e1ros k\u00e9p kialak\u00edt\u00e1s\u00e1t.<br \/>\n<div style=\"width: 640px;\" class=\"wp-video\"><!--[if lt IE 9]><script>document.createElement('video');<\/script><![endif]-->\n<video class=\"wp-video-shortcode\" id=\"video-15673-1\" width=\"640\" height=\"360\" preload=\"metadata\" controls=\"controls\"><source type=\"video\/mp4\" src=\"\/spots\/hir\/hir_160815_05.mp4?_=1\" \/><a href=\"\/spots\/hir\/hir_160815_05.mp4\">\/spots\/hir\/hir_160815_05.mp4<\/a><\/video><\/div><\/p>\n","protected":false},"excerpt":{"rendered":"<p>A soron k\u00edv\u00fcli test\u00fcleti \u00fcl\u00e9sen tov\u00e1bbi p\u00e1ly\u00e1zatok sors\u00e1r\u00f3l is d\u00f6nt\u00f6ttek a k\u00e9pvisel\u0151k. Ennek megfelel\u0151en fel\u00faj\u00edtj\u00e1k a Mester \u00fati laktanya hely\u00e9t \u00e9s az oda vezet\u0151 utat, b\u0151v\u00edtik, illetve \u00e1t\u00e9p\u00edtik a Simon Ferenc \u00fati b\u00f6lcs\u0151d\u00e9t \u00e9s a Hold \u00fati \u00d3vod\u00e1t. A test\u00fclet hat\u00e1rozata alapj\u00e1n hamarosan rendbe teszik a Tisza parkot \u00e9s a T\u00fcd\u0151k\u00f3rh\u00e1z parkj\u00e1t is. A Ter\u00fclet- [&hellip;]<\/p>\n","protected":false},"author":2,"featured_media":0,"comment_status":"closed","ping_status":"closed","sticky":false,"template":"","format":"standard","meta":[],"categories":[16],"tags":[],"_links":{"self":[{"href":"http:\/\/archiv.szolnoktv.hu\/index.php?rest_route=\/wp\/v2\/posts\/15673"}],"collection":[{"href":"http:\/\/archiv.szolnoktv.hu\/index.php?rest_route=\/wp\/v2\/posts"}],"about":[{"href":"http:\/\/archiv.szolnoktv.hu\/index.php?rest_route=\/wp\/v2\/types\/post"}],"author":[{"embeddable":true,"href":"http:\/\/archiv.szolnoktv.hu\/index.php?rest_route=\/wp\/v2\/users\/2"}],"replies":[{"embeddable":true,"href":"http:\/\/archiv.szolnoktv.hu\/index.php?rest_route=%2Fwp%2Fv2%2Fcomments&post=15673"}],"version-history":[{"count":1,"href":"http:\/\/archiv.szolnoktv.hu\/index.php?rest_route=\/wp\/v2\/posts\/15673\/revisions"}],"predecessor-version":[{"id":15706,"href":"http:\/\/archiv.szolnoktv.hu\/index.php?rest_route=\/wp\/v2\/posts\/15673\/revisions\/15706"}],"wp:attachment":[{"href":"http:\/\/archiv.szolnoktv.hu\/index.php?rest_route=%2Fwp%2Fv2%2Fmedia&parent=15673"}],"wp:term":[{"taxonomy":"category","embeddable":true,"href":"http:\/\/archiv.szolnoktv.hu\/index.php?rest_route=%2Fwp%2Fv2%2Fcategories&post=15673"},{"taxonomy":"post_tag","embeddable":true,"href":"http:\/\/archiv.szolnoktv.hu\/index.php?rest_route=%2Fwp%2Fv2%2Ftags&post=15673"}],"curies":[{"name":"wp","href":"https:\/\/api.w.org\/{rel}","templated":true}]}}