{"id":15672,"date":"2016-08-15T16:10:59","date_gmt":"2016-08-15T16:10:59","guid":{"rendered":"http:\/\/archiv.szolnoktv.hu\/?p=15672"},"modified":"2021-08-26T08:06:18","modified_gmt":"2021-08-26T08:06:18","slug":"megkezdte-mukodeset-a-valasztasi-informacios-szolgalat","status":"publish","type":"post","link":"http:\/\/archiv.szolnoktv.hu\/?p=15672","title":{"rendered":"Megkezdte m\u0171k\u00f6d\u00e9s\u00e9t a V\u00e1laszt\u00e1si Inform\u00e1ci\u00f3s Szolg\u00e1lat"},"content":{"rendered":"<div class='booster-block booster-read-block'><\/div><p>Szombaton hivatalosan is megkezd\u0151d\u00f6tt az okt\u00f3ber 2-i n\u00e9pszavaz\u00e1st megel\u0151z\u0151 kamp\u00e1ny. A v\u00e1laszt\u00e1si elj\u00e1r\u00e1sr\u00f3l sz\u00f3l\u00f3 t\u00f6rv\u00e9ny szerint ugyanis a kamp\u00e1ny 50 nappal a voksol\u00e1s el\u0151tt kezd\u0151dik \u00e9s a szavaz\u00e1s napj\u00e1ig, annak befejez\u00e9s\u00e9ig tart. A mai nappal befejez\u0151d\u00f6tt a v\u00e1laszt\u00f3k \u00e9rtes\u00edt\u00e9se is, a posta mintegy 8 milli\u00f3 bor\u00edt\u00e9kot k\u00e9zbes\u00edtett ki.<\/p>\n<p>M\u00e1t\u00f3l m\u0171k\u00f6dik a V\u00e1laszt\u00e1si Inform\u00e1ci\u00f3s Szolg\u00e1lat a V\u00e1rosh\u00e1za f\u00f6ldszinti t\u00e1rgyal\u00f3j\u00e1ban. Itt minden, az okt\u00f3ber 2-i n\u00e9pszavaz\u00e1ssal kapcsolatos tudnival\u00f3 el\u00e9rhet\u0151 \u00e9s elint\u00e9zhet\u0151. A mai nappal befejez\u0151d\u00f6tt a mintegy 8 milli\u00f3 v\u00e1laszt\u00f3polg\u00e1r ki\u00e9rtes\u00edt\u00e9se is. Ebb\u0151l a v\u00e1laszt\u00f3polg\u00e1r nem csak a legfontosabb voksol\u00e1si tudnival\u00f3kat ismerheti meg, hanem azt is, mely telep\u00fcl\u00e9sen h\u00e1nyas sz\u00e1m\u00fa szavaz\u00f3k\u00f6rben szerepel a n\u00e9vjegyz\u00e9kben, azaz hol adhatja le voks\u00e1t. Ha valaki nem kapott, ezt szint\u00e9n helyben k\u00e9relmezheti munkanapokon 8 \u00e9s 16 \u00f3ra k\u00f6z\u00f6tt. Term\u00e9szetesen ez\u00fattal is van lehet\u0151s\u00e9g \u00e1tjelentkez\u00e9sre, ennek hat\u00e1rideje szeptember 30-a, 16 \u00f3ra, illetve a v\u00e1laszt\u00f3polg\u00e1r k\u00e9rheti felv\u00e9tel\u00e9t a k\u00fclk\u00e9pviseleti n\u00e9vjegyz\u00e9kbe is, ez szeptember 24-\u00e9n, ugyancsak 16 \u00f3r\u00e1ig tehet\u0151 meg. A n\u00e9pszavaz\u00e1st okt\u00f3ber 2-\u00e1n, vas\u00e1rnap 6 \u00e9s 19 \u00f3ra k\u00f6z\u00f6tt tartj\u00e1k, a v\u00e1laszt\u00f3polg\u00e1roknak egyetlen k\u00e9rd\u00e9sre kell v\u00e1laszolniuk igennel, vagy nemmel, amely \u00edgy sz\u00f3l: \u201eAkarja-e, hogy az Eur\u00f3pai Uni\u00f3 az Orsz\u00e1ggy\u0171l\u00e9s hozz\u00e1j\u00e1rul\u00e1sa n\u00e9lk\u00fcl is el\u0151\u00edrhassa nem magyar \u00e1llampolg\u00e1rok Magyarorsz\u00e1gra t\u00f6rt\u00e9n\u0151 k\u00f6telez\u0151 betelep\u00edt\u00e9s\u00e9t?\u201e<br \/>\n<div style=\"width: 640px;\" class=\"wp-video\"><!--[if lt IE 9]><script>document.createElement('video');<\/script><![endif]-->\n<video class=\"wp-video-shortcode\" id=\"video-15672-1\" width=\"640\" height=\"360\" preload=\"metadata\" controls=\"controls\"><source type=\"video\/mp4\" src=\"\/spots\/hir\/hir_160815_04.mp4?_=1\" \/><a href=\"\/spots\/hir\/hir_160815_04.mp4\">\/spots\/hir\/hir_160815_04.mp4<\/a><\/video><\/div><\/p>\n","protected":false},"excerpt":{"rendered":"<p>Szombaton hivatalosan is megkezd\u0151d\u00f6tt az okt\u00f3ber 2-i n\u00e9pszavaz\u00e1st megel\u0151z\u0151 kamp\u00e1ny. A v\u00e1laszt\u00e1si elj\u00e1r\u00e1sr\u00f3l sz\u00f3l\u00f3 t\u00f6rv\u00e9ny szerint ugyanis a kamp\u00e1ny 50 nappal a voksol\u00e1s el\u0151tt kezd\u0151dik \u00e9s a szavaz\u00e1s napj\u00e1ig, annak befejez\u00e9s\u00e9ig tart. A mai nappal befejez\u0151d\u00f6tt a v\u00e1laszt\u00f3k \u00e9rtes\u00edt\u00e9se is, a posta mintegy 8 milli\u00f3 bor\u00edt\u00e9kot k\u00e9zbes\u00edtett ki. M\u00e1t\u00f3l m\u0171k\u00f6dik a V\u00e1laszt\u00e1si Inform\u00e1ci\u00f3s Szolg\u00e1lat a [&hellip;]<\/p>\n","protected":false},"author":2,"featured_media":0,"comment_status":"closed","ping_status":"closed","sticky":false,"template":"","format":"standard","meta":[],"categories":[16],"tags":[],"_links":{"self":[{"href":"http:\/\/archiv.szolnoktv.hu\/index.php?rest_route=\/wp\/v2\/posts\/15672"}],"collection":[{"href":"http:\/\/archiv.szolnoktv.hu\/index.php?rest_route=\/wp\/v2\/posts"}],"about":[{"href":"http:\/\/archiv.szolnoktv.hu\/index.php?rest_route=\/wp\/v2\/types\/post"}],"author":[{"embeddable":true,"href":"http:\/\/archiv.szolnoktv.hu\/index.php?rest_route=\/wp\/v2\/users\/2"}],"replies":[{"embeddable":true,"href":"http:\/\/archiv.szolnoktv.hu\/index.php?rest_route=%2Fwp%2Fv2%2Fcomments&post=15672"}],"version-history":[{"count":1,"href":"http:\/\/archiv.szolnoktv.hu\/index.php?rest_route=\/wp\/v2\/posts\/15672\/revisions"}],"predecessor-version":[{"id":15707,"href":"http:\/\/archiv.szolnoktv.hu\/index.php?rest_route=\/wp\/v2\/posts\/15672\/revisions\/15707"}],"wp:attachment":[{"href":"http:\/\/archiv.szolnoktv.hu\/index.php?rest_route=%2Fwp%2Fv2%2Fmedia&parent=15672"}],"wp:term":[{"taxonomy":"category","embeddable":true,"href":"http:\/\/archiv.szolnoktv.hu\/index.php?rest_route=%2Fwp%2Fv2%2Fcategories&post=15672"},{"taxonomy":"post_tag","embeddable":true,"href":"http:\/\/archiv.szolnoktv.hu\/index.php?rest_route=%2Fwp%2Fv2%2Ftags&post=15672"}],"curies":[{"name":"wp","href":"https:\/\/api.w.org\/{rel}","templated":true}]}}