{"id":15669,"date":"2016-08-15T13:35:00","date_gmt":"2016-08-15T13:35:00","guid":{"rendered":"http:\/\/archiv.szolnoktv.hu\/?p=15669"},"modified":"2021-08-26T08:06:18","modified_gmt":"2021-08-26T08:06:18","slug":"lipoton-jartunk-2","status":"publish","type":"post","link":"http:\/\/archiv.szolnoktv.hu\/?p=15669","title":{"rendered":"Lip\u00f3ton j\u00e1rtunk"},"content":{"rendered":"<div class='booster-block booster-read-block'><\/div><p>A K\u00e1p\u00e1t-medence kenyere programban a Lip\u00f3ti p\u00e9ks\u00e9g k\u00e9pviseli a magyarorsz\u00e1gi p\u00e9keket. St\u00e1bunk ell\u00e1togatott a dun\u00e1nt\u00fali k\u00f6zs\u00e9gbe, ahol bej\u00e1rhattuk az \u00fczemet is.<\/p>\n<p>Lip\u00f3t egy ezerarc\u00fa kis k\u00f6zs\u00e9g a Szigetk\u00f6z sz\u00edv\u00e9ben, p\u00e1ratlan term\u00e9szeti \u00e9rt\u00e9kekkel. \u00c9s egy messzef\u00f6ld\u00f6n h\u00edres p\u00e9ks\u00e9ggel, melynek t\u00f6rt\u00e9nete 1992-ben kezd\u0151d\u00f6tt. Kezdetben csak a Lip\u00f3t k\u00f6rny\u00e9ki telep\u00fcl\u00e9seket l\u00e1tt\u00e1k el p\u00e9kterm\u00e9kekkel, majd 2006-ban megkezdt\u00e9k mintabolt h\u00e1l\u00f3zatuk ki\u00e9p\u00edt\u00e9s\u00e9t. A Lip\u00f3ti P\u00e9ks\u00e9g folyamatosan jelentkezik \u00faj term\u00e9kekkel, b\u0151v\u00edtik a k\u00edn\u00e1latot, id\u00e9n a joghurtos rozsos keny\u00e9r a leg\u00fajabb term\u00e9k. T\u00f3th Zolt\u00e1n azt mondja: igyekeznek az \u00e1talakul\u00f3 fogyaszt\u00f3i szok\u00e1sokhoz alkalmazkodnak. A polcokon megjelentek a glut\u00e9nmentes, a paleo \u00e9s a sz\u00e9nhidr\u00e1t cs\u00f6kkentett p\u00e9kterm\u00e9kek is. A K\u00e1rp\u00e1t-medence kenyere viszont nem a trendeket, hanem a hagyom\u00e1nyt k\u00f6veti. A Lip\u00f3ti P\u00e9ks\u00e9g \u00e9vek \u00f3ta k\u00e9pviseli haz\u00e1nk p\u00e9keit &#8211; id\u00e9n sem lesz ez m\u00e1sk\u00e9nt. Lip\u00f3tr\u00f3l id\u00e9n is Kov\u00e1cs P\u00e9ter \u00e9rkezik, \u0151 fog seg\u00e9dkezni a 300 kilogrammos keny\u00e9rt megs\u00fct\u00e9s\u00e9ben.<br \/>\n<div style=\"width: 640px;\" class=\"wp-video\"><!--[if lt IE 9]><script>document.createElement('video');<\/script><![endif]-->\n<video class=\"wp-video-shortcode\" id=\"video-15669-1\" width=\"640\" height=\"360\" preload=\"metadata\" controls=\"controls\"><source type=\"video\/mp4\" src=\"\/spots\/hir\/hir_160815_01.mp4?_=1\" \/><a href=\"\/spots\/hir\/hir_160815_01.mp4\">\/spots\/hir\/hir_160815_01.mp4<\/a><\/video><\/div><\/p>\n","protected":false},"excerpt":{"rendered":"<p>A K\u00e1p\u00e1t-medence kenyere programban a Lip\u00f3ti p\u00e9ks\u00e9g k\u00e9pviseli a magyarorsz\u00e1gi p\u00e9keket. St\u00e1bunk ell\u00e1togatott a dun\u00e1nt\u00fali k\u00f6zs\u00e9gbe, ahol bej\u00e1rhattuk az \u00fczemet is. Lip\u00f3t egy ezerarc\u00fa kis k\u00f6zs\u00e9g a Szigetk\u00f6z sz\u00edv\u00e9ben, p\u00e1ratlan term\u00e9szeti \u00e9rt\u00e9kekkel. \u00c9s egy messzef\u00f6ld\u00f6n h\u00edres p\u00e9ks\u00e9ggel, melynek t\u00f6rt\u00e9nete 1992-ben kezd\u0151d\u00f6tt. Kezdetben csak a Lip\u00f3t k\u00f6rny\u00e9ki telep\u00fcl\u00e9seket l\u00e1tt\u00e1k el p\u00e9kterm\u00e9kekkel, majd 2006-ban megkezdt\u00e9k mintabolt h\u00e1l\u00f3zatuk [&hellip;]<\/p>\n","protected":false},"author":2,"featured_media":0,"comment_status":"closed","ping_status":"closed","sticky":false,"template":"","format":"standard","meta":[],"categories":[16],"tags":[],"_links":{"self":[{"href":"http:\/\/archiv.szolnoktv.hu\/index.php?rest_route=\/wp\/v2\/posts\/15669"}],"collection":[{"href":"http:\/\/archiv.szolnoktv.hu\/index.php?rest_route=\/wp\/v2\/posts"}],"about":[{"href":"http:\/\/archiv.szolnoktv.hu\/index.php?rest_route=\/wp\/v2\/types\/post"}],"author":[{"embeddable":true,"href":"http:\/\/archiv.szolnoktv.hu\/index.php?rest_route=\/wp\/v2\/users\/2"}],"replies":[{"embeddable":true,"href":"http:\/\/archiv.szolnoktv.hu\/index.php?rest_route=%2Fwp%2Fv2%2Fcomments&post=15669"}],"version-history":[{"count":1,"href":"http:\/\/archiv.szolnoktv.hu\/index.php?rest_route=\/wp\/v2\/posts\/15669\/revisions"}],"predecessor-version":[{"id":15710,"href":"http:\/\/archiv.szolnoktv.hu\/index.php?rest_route=\/wp\/v2\/posts\/15669\/revisions\/15710"}],"wp:attachment":[{"href":"http:\/\/archiv.szolnoktv.hu\/index.php?rest_route=%2Fwp%2Fv2%2Fmedia&parent=15669"}],"wp:term":[{"taxonomy":"category","embeddable":true,"href":"http:\/\/archiv.szolnoktv.hu\/index.php?rest_route=%2Fwp%2Fv2%2Fcategories&post=15669"},{"taxonomy":"post_tag","embeddable":true,"href":"http:\/\/archiv.szolnoktv.hu\/index.php?rest_route=%2Fwp%2Fv2%2Ftags&post=15669"}],"curies":[{"name":"wp","href":"https:\/\/api.w.org\/{rel}","templated":true}]}}