{"id":15668,"date":"2016-08-12T17:38:42","date_gmt":"2016-08-12T17:38:42","guid":{"rendered":"http:\/\/archiv.szolnoktv.hu\/?p=15668"},"modified":"2021-08-26T08:06:19","modified_gmt":"2021-08-26T08:06:19","slug":"elbucsuztattak-szurmay-ernot-szolnok-diszpolgarat","status":"publish","type":"post","link":"http:\/\/archiv.szolnoktv.hu\/?p=15668","title":{"rendered":"Elb\u00facs\u00faztatt\u00e1k Szurmay Ern\u0151t, Szolnok D\u00edszpolg\u00e1r\u00e1t<br>"},"content":{"rendered":"<div class='booster-block booster-read-block'><\/div><p>Elb\u00facs\u00faztatt\u00e1k Szurmay Ern\u0151t. Szolnok D\u00edszpolg\u00e1ra, aki irodalmi m\u0171velts\u00e9g\u00e9vel, pedag\u00f3giai j\u00e1rtass\u00e1g\u00e1val, hum\u00e1num\u00e1val \u00e9s egy\u00e9nis\u00e9g\u00e9vel maradand\u00f3t alkotva lett a v\u00e1ros kultur\u00e1lis \u00e9let\u00e9nek egyik meghat\u00e1roz\u00f3 szem\u00e9lyis\u00e9ge, a Verseghy Ferenc K\u00f6nyvt\u00e1r egykori igazgat\u00f3ja 93 \u00e9ves kor\u00e1ban hunyt el.<\/p>\n<p>Csal\u00e1dtagok, rokonok, egykori koll\u00e9g\u00e1k, bar\u00e1tok, ismer\u0151s\u00f6k, a v\u00e1ros \u00e9s a korm\u00e1nyhivatal vezet\u00e9se egyar\u00e1nt elj\u00f6tt, hogy v\u00e9gs\u0151 b\u00facs\u00fat vegyen Szurmay Ern\u0151t\u0151l. Szolnok d\u00edszpolg\u00e1ra, a kiv\u00e1l\u00f3 pedag\u00f3gus nemcsak az oktat\u00e1s, hanem a k\u00f6zm\u0171vel\u0151d\u00e9s, az irodalom, a sz\u00ednh\u00e1z \u00e9s a k\u00f6nyvt\u00e1r\u00fcgy ter\u00fclet\u00e9n is maradand\u00f3t alkotott. Els\u0151k\u00e9nt Tak\u00e1ts B\u00e9la, a Szurmay Ern\u0151 \u00e1ltal csaknem m\u00e1sf\u00e9l \u00e9vtizedig igazgatott Verseghy Ferenc K\u00f6nyvt\u00e1r nev\u00e9ben id\u00e9zte fel azt a p\u00e1ratlan p\u00e1lyafut\u00e1st, amely megadatott az elhunytnak. Ezt k\u00f6vet\u0151en Szolnok polg\u00e1rmestere n\u00e9h\u00e1ny szem\u00e9lyes tal\u00e1lkoz\u00e1st, benyom\u00e1st id\u00e9zett fel, majd arr\u00f3l besz\u00e9lt Szalay Ferenc, hogy Szurmay Ern\u0151nek \u00e9s a hozz\u00e1 hasonl\u00f3 nagys\u00e1goknak mi mindent k\u00f6sz\u00f6nhet a v\u00e1ros. Majd Dr. K\u00e1llai M\u00e1ria korm\u00e1nymegb\u00edzott a megyei korm\u00e1nyhivatal, Ill\u00e9s J\u00falia eln\u00f6k a Verseghy K\u00f6r, m\u00edg Zsidai Emil nyugalmazott iskolaigazgat\u00f3 a volt koll\u00e9g\u00e1k \u00e9s a bar\u00e1tok nev\u00e9ben b\u00facs\u00fazott. Besz\u00e9deikben mindannyian kiemelt\u00e9k Szurmay Ern\u0151 embers\u00e9g\u00e9t, hihetetlen tud\u00e1s\u00e1t, szakmai \u00e9s k\u00f6z\u00e9leti p\u00e1lyafut\u00e1s\u00e1t, amellyel a v\u00e1ros k\u00f6zm\u0171vel\u0151d\u00e9si \u00e9s kultur\u00e1lis \u00e9let\u00e9nek meghat\u00e1roz\u00f3 szem\u00e9lyis\u00e9g\u00e9v\u00e9 v\u00e1lt \u00e9s amellyel maradand\u00f3t alkotott az ut\u00f3kor sz\u00e1m\u00e1ra. Szurmay Ern\u0151 tev\u00e9kenys\u00e9g\u00e9t, munk\u00e1ss\u00e1g\u00e1t, \u00e9letm\u0171v\u00e9t sz\u00e1mos elismer\u00e9ssel, kit\u00fcntet\u00e9ssel honor\u00e1lt\u00e1k. 2017-t\u0151l pedig az \u0151 nev\u00e9t viseli majd a v\u00e1ros pedag\u00f3giai d\u00edja. A b\u00facs\u00faztat\u00f3t k\u00f6vet\u0151en sz\u0171k csal\u00e1di k\u00f6rben helyezt\u00e9k v\u00e9gs\u0151 nyugalomra Szurmay Ern\u0151t, s\u00edrja n\u00e9h\u00e1ny m\u00e9terre van csup\u00e1n Verseghy Ferenc\u00e9t\u0151l. Szolnok D\u00edszpolg\u00e1ra 93 \u00e9vet \u00e9lt.<br \/>\n<div style=\"width: 640px;\" class=\"wp-video\"><!--[if lt IE 9]><script>document.createElement('video');<\/script><![endif]-->\n<video class=\"wp-video-shortcode\" id=\"video-15668-1\" width=\"640\" height=\"360\" preload=\"metadata\" controls=\"controls\"><source type=\"video\/mp4\" src=\"\/spots\/hir\/hir_160812_06.mp4?_=1\" \/><a href=\"\/spots\/hir\/hir_160812_06.mp4\">\/spots\/hir\/hir_160812_06.mp4<\/a><\/video><\/div><\/p>\n","protected":false},"excerpt":{"rendered":"<p>Elb\u00facs\u00faztatt\u00e1k Szurmay Ern\u0151t. Szolnok D\u00edszpolg\u00e1ra, aki irodalmi m\u0171velts\u00e9g\u00e9vel, pedag\u00f3giai j\u00e1rtass\u00e1g\u00e1val, hum\u00e1num\u00e1val \u00e9s egy\u00e9nis\u00e9g\u00e9vel maradand\u00f3t alkotva lett a v\u00e1ros kultur\u00e1lis \u00e9let\u00e9nek egyik meghat\u00e1roz\u00f3 szem\u00e9lyis\u00e9ge, a Verseghy Ferenc K\u00f6nyvt\u00e1r egykori igazgat\u00f3ja 93 \u00e9ves kor\u00e1ban hunyt el. Csal\u00e1dtagok, rokonok, egykori koll\u00e9g\u00e1k, bar\u00e1tok, ismer\u0151s\u00f6k, a v\u00e1ros \u00e9s a korm\u00e1nyhivatal vezet\u00e9se egyar\u00e1nt elj\u00f6tt, hogy v\u00e9gs\u0151 b\u00facs\u00fat vegyen Szurmay Ern\u0151t\u0151l. Szolnok [&hellip;]<\/p>\n","protected":false},"author":2,"featured_media":0,"comment_status":"closed","ping_status":"closed","sticky":false,"template":"","format":"standard","meta":[],"categories":[16],"tags":[],"_links":{"self":[{"href":"http:\/\/archiv.szolnoktv.hu\/index.php?rest_route=\/wp\/v2\/posts\/15668"}],"collection":[{"href":"http:\/\/archiv.szolnoktv.hu\/index.php?rest_route=\/wp\/v2\/posts"}],"about":[{"href":"http:\/\/archiv.szolnoktv.hu\/index.php?rest_route=\/wp\/v2\/types\/post"}],"author":[{"embeddable":true,"href":"http:\/\/archiv.szolnoktv.hu\/index.php?rest_route=\/wp\/v2\/users\/2"}],"replies":[{"embeddable":true,"href":"http:\/\/archiv.szolnoktv.hu\/index.php?rest_route=%2Fwp%2Fv2%2Fcomments&post=15668"}],"version-history":[{"count":1,"href":"http:\/\/archiv.szolnoktv.hu\/index.php?rest_route=\/wp\/v2\/posts\/15668\/revisions"}],"predecessor-version":[{"id":15711,"href":"http:\/\/archiv.szolnoktv.hu\/index.php?rest_route=\/wp\/v2\/posts\/15668\/revisions\/15711"}],"wp:attachment":[{"href":"http:\/\/archiv.szolnoktv.hu\/index.php?rest_route=%2Fwp%2Fv2%2Fmedia&parent=15668"}],"wp:term":[{"taxonomy":"category","embeddable":true,"href":"http:\/\/archiv.szolnoktv.hu\/index.php?rest_route=%2Fwp%2Fv2%2Fcategories&post=15668"},{"taxonomy":"post_tag","embeddable":true,"href":"http:\/\/archiv.szolnoktv.hu\/index.php?rest_route=%2Fwp%2Fv2%2Ftags&post=15668"}],"curies":[{"name":"wp","href":"https:\/\/api.w.org\/{rel}","templated":true}]}}