{"id":15667,"date":"2016-08-12T17:32:21","date_gmt":"2016-08-12T17:32:21","guid":{"rendered":"http:\/\/archiv.szolnoktv.hu\/?p=15667"},"modified":"2021-08-26T08:06:19","modified_gmt":"2021-08-26T08:06:19","slug":"onkentesek-festettek-ki-a-gyermekosztaly-reszlegeit","status":"publish","type":"post","link":"http:\/\/archiv.szolnoktv.hu\/?p=15667","title":{"rendered":"\u00d6nk\u00e9ntesek festett\u00e9k ki a gyermekoszt\u00e1ly r\u00e9szlegeit"},"content":{"rendered":"<div class='booster-block booster-read-block'><\/div><p>Folytat\u00f3dott a Het\u00e9nyi G\u00e9za K\u00f3rh\u00e1z Gyermekoszt\u00e1ly\u00e1nak fest\u00e9se. A k\u00fcl\u00f6nleges \u00e9s hagyom\u00e1nyteremt\u0151  akci\u00f3k sor\u00e1n \u00f6nk\u00e9ntesek  var\u00e1zsoltak  meseh\u0151s\u00f6ket az egyes r\u00e9szlegek falaira<\/p>\n<p>Folytat\u00f3dott a Het\u00e9nyi G\u00e9za K\u00f3rh\u00e1z Gyermekoszt\u00e1ly\u00e1nak fest\u00e9se. A k\u00fcl\u00f6nleges \u00e9s hagyom\u00e1nyteremt\u0151  akci\u00f3k sor\u00e1n \u00f6nk\u00e9ntesek  var\u00e1zsoltak  meseh\u0151s\u00f6ket az egyes r\u00e9szlegek falaira. <\/p>\n<p> Bambusz, Vizip\u00f3k, Pom-Pom, Vuk, Micimack\u00f3. R\u00e9gi mes\u00e9k kedves figur\u00e1i d\u00edsz\u00edtik az \u00faj \u00e9p\u00fcletbe k\u00f6lt\u00f6z\u00f6tt gyermekoszt\u00e1ly r\u00e9szlegeit a Het\u00e9nyi G\u00e9za K\u00f3rh\u00e1zban. A falakat adom\u00e1nyk\u00e9nt \u00e9rkezett fest\u00e9kkel, \u00f6nk\u00e9ntesek festett\u00e9k, k\u00f6zt\u00fck olyan is, aki r\u00e9gi f\u00e9lelme miatt seg\u00edtett. Valamennyi r\u00e9szlegen azokat  a falakat d\u00edsz\u00edtett\u00e9k amelyekre r\u00e1l\u00e1tnak a beteg kicsik a szob\u00e1jukb\u00f3l. A meseh\u0151s\u00f6k kiv\u00e1laszt\u00e1sa is tudatos tervez\u00e9s r\u00e9sze volt.  Az \u00f6nk\u00e9ntes akci\u00f3ban eddig 20 dolgoz\u00f3 hozz\u00e1tartoz\u00f3, egykori beteg vagy szimpatiz\u00e1ns vett r\u00e9szt. Az akci\u00f3 szeptemberben folytat\u00f3dik. Az esem\u00e9nyekhez a facebookon lehet csatlakozni. <br \/>\n<div style=\"width: 640px;\" class=\"wp-video\"><!--[if lt IE 9]><script>document.createElement('video');<\/script><![endif]-->\n<video class=\"wp-video-shortcode\" id=\"video-15667-1\" width=\"640\" height=\"360\" preload=\"metadata\" controls=\"controls\"><source type=\"video\/mp4\" src=\"\/spots\/hir\/hir_160812_04.mp4?_=1\" \/><a href=\"\/spots\/hir\/hir_160812_04.mp4\">\/spots\/hir\/hir_160812_04.mp4<\/a><\/video><\/div><\/p>\n","protected":false},"excerpt":{"rendered":"<p>Folytat\u00f3dott a Het\u00e9nyi G\u00e9za K\u00f3rh\u00e1z Gyermekoszt\u00e1ly\u00e1nak fest\u00e9se. A k\u00fcl\u00f6nleges \u00e9s hagyom\u00e1nyteremt\u0151 akci\u00f3k sor\u00e1n \u00f6nk\u00e9ntesek var\u00e1zsoltak meseh\u0151s\u00f6ket az egyes r\u00e9szlegek falaira Folytat\u00f3dott a Het\u00e9nyi G\u00e9za K\u00f3rh\u00e1z Gyermekoszt\u00e1ly\u00e1nak fest\u00e9se. A k\u00fcl\u00f6nleges \u00e9s hagyom\u00e1nyteremt\u0151 akci\u00f3k sor\u00e1n \u00f6nk\u00e9ntesek var\u00e1zsoltak meseh\u0151s\u00f6ket az egyes r\u00e9szlegek falaira. Bambusz, Vizip\u00f3k, Pom-Pom, Vuk, Micimack\u00f3. R\u00e9gi mes\u00e9k kedves figur\u00e1i d\u00edsz\u00edtik az \u00faj \u00e9p\u00fcletbe k\u00f6lt\u00f6z\u00f6tt gyermekoszt\u00e1ly [&hellip;]<\/p>\n","protected":false},"author":2,"featured_media":0,"comment_status":"closed","ping_status":"closed","sticky":false,"template":"","format":"standard","meta":[],"categories":[16],"tags":[],"_links":{"self":[{"href":"http:\/\/archiv.szolnoktv.hu\/index.php?rest_route=\/wp\/v2\/posts\/15667"}],"collection":[{"href":"http:\/\/archiv.szolnoktv.hu\/index.php?rest_route=\/wp\/v2\/posts"}],"about":[{"href":"http:\/\/archiv.szolnoktv.hu\/index.php?rest_route=\/wp\/v2\/types\/post"}],"author":[{"embeddable":true,"href":"http:\/\/archiv.szolnoktv.hu\/index.php?rest_route=\/wp\/v2\/users\/2"}],"replies":[{"embeddable":true,"href":"http:\/\/archiv.szolnoktv.hu\/index.php?rest_route=%2Fwp%2Fv2%2Fcomments&post=15667"}],"version-history":[{"count":1,"href":"http:\/\/archiv.szolnoktv.hu\/index.php?rest_route=\/wp\/v2\/posts\/15667\/revisions"}],"predecessor-version":[{"id":15712,"href":"http:\/\/archiv.szolnoktv.hu\/index.php?rest_route=\/wp\/v2\/posts\/15667\/revisions\/15712"}],"wp:attachment":[{"href":"http:\/\/archiv.szolnoktv.hu\/index.php?rest_route=%2Fwp%2Fv2%2Fmedia&parent=15667"}],"wp:term":[{"taxonomy":"category","embeddable":true,"href":"http:\/\/archiv.szolnoktv.hu\/index.php?rest_route=%2Fwp%2Fv2%2Fcategories&post=15667"},{"taxonomy":"post_tag","embeddable":true,"href":"http:\/\/archiv.szolnoktv.hu\/index.php?rest_route=%2Fwp%2Fv2%2Ftags&post=15667"}],"curies":[{"name":"wp","href":"https:\/\/api.w.org\/{rel}","templated":true}]}}