{"id":15666,"date":"2016-08-12T17:30:02","date_gmt":"2016-08-12T17:30:02","guid":{"rendered":"http:\/\/archiv.szolnoktv.hu\/?p=15666"},"modified":"2021-08-26T08:06:19","modified_gmt":"2021-08-26T08:06:19","slug":"hamarosan-viragzik-a-parlagfu","status":"publish","type":"post","link":"http:\/\/archiv.szolnoktv.hu\/?p=15666","title":{"rendered":"Hamarosan vir\u00e1gzik a parlagf\u0171"},"content":{"rendered":"<div class='booster-block booster-read-block'><\/div><p>40 milli\u00e1rd forint \u00e9vente. Ennyit k\u00f6ltenek a parlagf\u0171-allergi\u00e1sok  a t\u00fcneti kezel\u00e9sekre. A n\u00f6v\u00e9ny m\u00e1r sz\u00f3rja pollenjeit, \u00e9s b\u00e1r az irt\u00e1s k\u00f6telez\u0151: l\u00e9pten -nyomon parlagf\u0171be botlunk.<\/p>\n<p> 40 milli\u00e1rd forint \u00e9vente. Ennyit k\u00f6ltenek a parlagf\u0171-allergi\u00e1sok  a t\u00fcneti kezel\u00e9sekre. A n\u00f6v\u00e9ny m\u00e1r sz\u00f3rja pollenjeit, \u00e9s b\u00e1r az irt\u00e1s k\u00f6telez\u0151: l\u00e9pten-nyomon parlagf\u0171be botlunk. <\/p>\n<p> Gyorsan n\u0151 megy\u00e9nkben is  a parlagf\u0171. A pollencsapd\u00e1kban m\u00e1r k\u00f6zepesre emelkedett a koncentr\u00e1ci\u00f3ja. Magyarorsz\u00e1gon a feln\u0151tt lakoss\u00e1g fele allergi\u00e1s a n\u00f6v\u00e9nyre. A gyerekek k\u00f6z\u00fcl pedig m\u00e1r minden 4. k\u00fczd a t\u00fcnetekkel. Az immunrendszer t\u00falzott reakci\u00f3j\u00e1t apr\u00f3 praktik\u00e1kkal is cs\u00f6kkenthetj\u00fck. <br \/>\n<div style=\"width: 640px;\" class=\"wp-video\"><!--[if lt IE 9]><script>document.createElement('video');<\/script><![endif]-->\n<video class=\"wp-video-shortcode\" id=\"video-15666-1\" width=\"640\" height=\"360\" preload=\"metadata\" controls=\"controls\"><source type=\"video\/mp4\" src=\"\/spots\/hir\/hir_160812_05.mp4?_=1\" \/><a href=\"\/spots\/hir\/hir_160812_05.mp4\">\/spots\/hir\/hir_160812_05.mp4<\/a><\/video><\/div><\/p>\n","protected":false},"excerpt":{"rendered":"<p>40 milli\u00e1rd forint \u00e9vente. Ennyit k\u00f6ltenek a parlagf\u0171-allergi\u00e1sok a t\u00fcneti kezel\u00e9sekre. A n\u00f6v\u00e9ny m\u00e1r sz\u00f3rja pollenjeit, \u00e9s b\u00e1r az irt\u00e1s k\u00f6telez\u0151: l\u00e9pten -nyomon parlagf\u0171be botlunk. 40 milli\u00e1rd forint \u00e9vente. Ennyit k\u00f6ltenek a parlagf\u0171-allergi\u00e1sok a t\u00fcneti kezel\u00e9sekre. A n\u00f6v\u00e9ny m\u00e1r sz\u00f3rja pollenjeit, \u00e9s b\u00e1r az irt\u00e1s k\u00f6telez\u0151: l\u00e9pten-nyomon parlagf\u0171be botlunk. Gyorsan n\u0151 megy\u00e9nkben is a parlagf\u0171. [&hellip;]<\/p>\n","protected":false},"author":2,"featured_media":0,"comment_status":"closed","ping_status":"closed","sticky":false,"template":"","format":"standard","meta":[],"categories":[16],"tags":[],"_links":{"self":[{"href":"http:\/\/archiv.szolnoktv.hu\/index.php?rest_route=\/wp\/v2\/posts\/15666"}],"collection":[{"href":"http:\/\/archiv.szolnoktv.hu\/index.php?rest_route=\/wp\/v2\/posts"}],"about":[{"href":"http:\/\/archiv.szolnoktv.hu\/index.php?rest_route=\/wp\/v2\/types\/post"}],"author":[{"embeddable":true,"href":"http:\/\/archiv.szolnoktv.hu\/index.php?rest_route=\/wp\/v2\/users\/2"}],"replies":[{"embeddable":true,"href":"http:\/\/archiv.szolnoktv.hu\/index.php?rest_route=%2Fwp%2Fv2%2Fcomments&post=15666"}],"version-history":[{"count":1,"href":"http:\/\/archiv.szolnoktv.hu\/index.php?rest_route=\/wp\/v2\/posts\/15666\/revisions"}],"predecessor-version":[{"id":15713,"href":"http:\/\/archiv.szolnoktv.hu\/index.php?rest_route=\/wp\/v2\/posts\/15666\/revisions\/15713"}],"wp:attachment":[{"href":"http:\/\/archiv.szolnoktv.hu\/index.php?rest_route=%2Fwp%2Fv2%2Fmedia&parent=15666"}],"wp:term":[{"taxonomy":"category","embeddable":true,"href":"http:\/\/archiv.szolnoktv.hu\/index.php?rest_route=%2Fwp%2Fv2%2Fcategories&post=15666"},{"taxonomy":"post_tag","embeddable":true,"href":"http:\/\/archiv.szolnoktv.hu\/index.php?rest_route=%2Fwp%2Fv2%2Ftags&post=15666"}],"curies":[{"name":"wp","href":"https:\/\/api.w.org\/{rel}","templated":true}]}}