{"id":15665,"date":"2016-08-12T16:00:43","date_gmt":"2016-08-12T16:00:43","guid":{"rendered":"http:\/\/archiv.szolnoktv.hu\/?p=15665"},"modified":"2021-08-26T08:06:19","modified_gmt":"2021-08-26T08:06:19","slug":"a-repulok-vedoszentjere-emlekeztek","status":"publish","type":"post","link":"http:\/\/archiv.szolnoktv.hu\/?p=15665","title":{"rendered":"A rep\u00fcl\u0151k v\u00e9d\u0151szentj\u00e9re eml\u00e9keztek"},"content":{"rendered":"<div class='booster-block booster-read-block'><\/div><p>Elimer\u00e9seket adtak \u00e1t az arra \u00e9rdemes katon\u00e1knak \u00e9s megkoszor\u00fazt\u00e1k  a Rep\u00fcl\u0151k eml\u00e9km\u0171v\u00e9t azon a Nagyboldog Asszony napi \u00fcnneps\u00e9gen, melyet a Rep\u00fcl\u0151k v\u00e9d\u0151szentj\u00e9nek tisztelet\u00e9re rendeztek. Az \u00fcnneps\u00e9gen sz\u00f3 esett a mai katon\u00e1k helyt\u00e1ll\u00e1s\u00e1r\u00f3l is. A magyar katonai rep\u00fcl\u00e9s a magyar l\u00e9gier\u0151, a magyar hader\u0151 \u00e9s az eg\u00e9sz magyar t\u00e1rsadalom t\u00f6rt\u00e9net\u00e9nek szerves r\u00e9sze.<\/p>\n<p> Elimer\u00e9seket adtak \u00e1t az arra \u00e9rdemes katon\u00e1knak \u00e9s megkoszor\u00fazt\u00e1k  a Rep\u00fcl\u0151k eml\u00e9km\u0171v\u00e9t azon a Nagyboldog Asszony napi \u00fcnneps\u00e9gen, melyet a R\u00fcl\u0151k v\u00e9d\u0151szentj\u00e9nek tisztelet\u00e9re rendeztek. Az \u00fcnneps\u00e9gen sz\u00f3 esett a mai katon\u00e1k helyt\u00e1ll\u00e1s\u00e1r\u00f3l is. <\/p>\n<p> Augusztus 15. Nagyboldog Asszony: a rep\u00fcl\u0151k v\u00e9d\u0151szentj\u00e9nek napja. Ebb\u0151l az alkalomb\u00f3l rendeztek \u00fcnneps\u00e9get  a helikopter b\u00e1zison.  A Magyar Honv\u00e9ds\u00e9g \u00d6sszhader\u0151nemi Parancsnoks\u00e1g\u00e1nak rendezv\u00e9ny\u00e9n  az el\u0151d\u00f6kr\u0151l is sz\u00f3 esett. A Rep\u00fcl\u0151fegyvernem Napja vez\u00e9rkar f\u0151n\u00f6ki \u00e9s \u00f6sszhader\u0151nemi parancsnoki elismer\u00e9sek \u00e1tad\u00e1s\u00e1val folytat\u00f3dott. A Rep\u00fcl\u0151k v\u00e9d\u0151szentj\u00e9nek \u00fcnneps\u00e9g\u00e9n v\u00e1ros, a megye \u00e9s a korm\u00e1nyhivatal vezet\u0151i, a b\u00e1zison telep\u00fcl\u0151 szervezetek k\u00e9pvisel\u0151i helyezt\u00e9k el a megeml\u00e9kez\u00e9s koszor\u00fait. <br \/>\n<div style=\"width: 640px;\" class=\"wp-video\"><!--[if lt IE 9]><script>document.createElement('video');<\/script><![endif]-->\n<video class=\"wp-video-shortcode\" id=\"video-15665-1\" width=\"640\" height=\"360\" preload=\"metadata\" controls=\"controls\"><source type=\"video\/mp4\" src=\"\/spots\/hir\/hir_160812_03.mp4?_=1\" \/><a href=\"\/spots\/hir\/hir_160812_03.mp4\">\/spots\/hir\/hir_160812_03.mp4<\/a><\/video><\/div><\/p>\n","protected":false},"excerpt":{"rendered":"<p>Elimer\u00e9seket adtak \u00e1t az arra \u00e9rdemes katon\u00e1knak \u00e9s megkoszor\u00fazt\u00e1k a Rep\u00fcl\u0151k eml\u00e9km\u0171v\u00e9t azon a Nagyboldog Asszony napi \u00fcnneps\u00e9gen, melyet a Rep\u00fcl\u0151k v\u00e9d\u0151szentj\u00e9nek tisztelet\u00e9re rendeztek. Az \u00fcnneps\u00e9gen sz\u00f3 esett a mai katon\u00e1k helyt\u00e1ll\u00e1s\u00e1r\u00f3l is. A magyar katonai rep\u00fcl\u00e9s a magyar l\u00e9gier\u0151, a magyar hader\u0151 \u00e9s az eg\u00e9sz magyar t\u00e1rsadalom t\u00f6rt\u00e9net\u00e9nek szerves r\u00e9sze. Elimer\u00e9seket adtak \u00e1t az [&hellip;]<\/p>\n","protected":false},"author":2,"featured_media":0,"comment_status":"closed","ping_status":"closed","sticky":false,"template":"","format":"standard","meta":[],"categories":[16],"tags":[],"_links":{"self":[{"href":"http:\/\/archiv.szolnoktv.hu\/index.php?rest_route=\/wp\/v2\/posts\/15665"}],"collection":[{"href":"http:\/\/archiv.szolnoktv.hu\/index.php?rest_route=\/wp\/v2\/posts"}],"about":[{"href":"http:\/\/archiv.szolnoktv.hu\/index.php?rest_route=\/wp\/v2\/types\/post"}],"author":[{"embeddable":true,"href":"http:\/\/archiv.szolnoktv.hu\/index.php?rest_route=\/wp\/v2\/users\/2"}],"replies":[{"embeddable":true,"href":"http:\/\/archiv.szolnoktv.hu\/index.php?rest_route=%2Fwp%2Fv2%2Fcomments&post=15665"}],"version-history":[{"count":1,"href":"http:\/\/archiv.szolnoktv.hu\/index.php?rest_route=\/wp\/v2\/posts\/15665\/revisions"}],"predecessor-version":[{"id":15714,"href":"http:\/\/archiv.szolnoktv.hu\/index.php?rest_route=\/wp\/v2\/posts\/15665\/revisions\/15714"}],"wp:attachment":[{"href":"http:\/\/archiv.szolnoktv.hu\/index.php?rest_route=%2Fwp%2Fv2%2Fmedia&parent=15665"}],"wp:term":[{"taxonomy":"category","embeddable":true,"href":"http:\/\/archiv.szolnoktv.hu\/index.php?rest_route=%2Fwp%2Fv2%2Fcategories&post=15665"},{"taxonomy":"post_tag","embeddable":true,"href":"http:\/\/archiv.szolnoktv.hu\/index.php?rest_route=%2Fwp%2Fv2%2Ftags&post=15665"}],"curies":[{"name":"wp","href":"https:\/\/api.w.org\/{rel}","templated":true}]}}