{"id":15664,"date":"2016-08-12T15:36:18","date_gmt":"2016-08-12T15:36:18","guid":{"rendered":"http:\/\/archiv.szolnoktv.hu\/?p=15664"},"modified":"2021-08-26T08:06:19","modified_gmt":"2021-08-26T08:06:19","slug":"tiszai-sellok-kiallitas-a-muzeumban","status":"publish","type":"post","link":"http:\/\/archiv.szolnoktv.hu\/?p=15664","title":{"rendered":"Tiszai sell\u0151k ki\u00e1ll\u00edt\u00e1s a m\u00fazeumban"},"content":{"rendered":"<div class='booster-block booster-read-block'><\/div><p>Hangay Szab\u00f3 L\u00e1szl\u00f3 szobr\u00e1szm\u0171v\u00e9sz alkot\u00e1saib\u00f3l ny\u00edlt ki\u00e1ll\u00edt\u00e1s tegnap d\u00e9lut\u00e1n a  Damjanich J\u00e1nos M\u00fazeumban. A Tiszai sell\u0151k c\u00edm\u0171 t\u00e1rlat k\u00fcl\u00f6n\u00f6s m\u00edtoszvil\u00e1gba kalauzolja a l\u00e1togat\u00f3kat. A sell\u0151k \u00e9s k\u00e9r\u00e9szek augusztus v\u00e9g\u00e9ig d\u00edsz\u00edtik a m\u00fazeum Folyos\u00f3 Gal\u00e9ri\u00e1j\u00e1t.<br \/>\n<br \/>\n<div style=\"width: 640px;\" class=\"wp-video\"><!--[if lt IE 9]><script>document.createElement('video');<\/script><![endif]-->\n<video class=\"wp-video-shortcode\" id=\"video-15664-1\" width=\"640\" height=\"360\" preload=\"metadata\" controls=\"controls\"><source type=\"video\/mp4\" src=\"\/spots\/hir\/hir_160812_02.mp4?_=1\" \/><a href=\"\/spots\/hir\/hir_160812_02.mp4\">\/spots\/hir\/hir_160812_02.mp4<\/a><\/video><\/div><\/p>\n","protected":false},"excerpt":{"rendered":"<p>Hangay Szab\u00f3 L\u00e1szl\u00f3 szobr\u00e1szm\u0171v\u00e9sz alkot\u00e1saib\u00f3l ny\u00edlt ki\u00e1ll\u00edt\u00e1s tegnap d\u00e9lut\u00e1n a Damjanich J\u00e1nos M\u00fazeumban. A Tiszai sell\u0151k c\u00edm\u0171 t\u00e1rlat k\u00fcl\u00f6n\u00f6s m\u00edtoszvil\u00e1gba kalauzolja a l\u00e1togat\u00f3kat. A sell\u0151k \u00e9s k\u00e9r\u00e9szek augusztus v\u00e9g\u00e9ig d\u00edsz\u00edtik a m\u00fazeum Folyos\u00f3 Gal\u00e9ri\u00e1j\u00e1t.<\/p>\n","protected":false},"author":2,"featured_media":0,"comment_status":"closed","ping_status":"closed","sticky":false,"template":"","format":"standard","meta":[],"categories":[16],"tags":[],"_links":{"self":[{"href":"http:\/\/archiv.szolnoktv.hu\/index.php?rest_route=\/wp\/v2\/posts\/15664"}],"collection":[{"href":"http:\/\/archiv.szolnoktv.hu\/index.php?rest_route=\/wp\/v2\/posts"}],"about":[{"href":"http:\/\/archiv.szolnoktv.hu\/index.php?rest_route=\/wp\/v2\/types\/post"}],"author":[{"embeddable":true,"href":"http:\/\/archiv.szolnoktv.hu\/index.php?rest_route=\/wp\/v2\/users\/2"}],"replies":[{"embeddable":true,"href":"http:\/\/archiv.szolnoktv.hu\/index.php?rest_route=%2Fwp%2Fv2%2Fcomments&post=15664"}],"version-history":[{"count":1,"href":"http:\/\/archiv.szolnoktv.hu\/index.php?rest_route=\/wp\/v2\/posts\/15664\/revisions"}],"predecessor-version":[{"id":15715,"href":"http:\/\/archiv.szolnoktv.hu\/index.php?rest_route=\/wp\/v2\/posts\/15664\/revisions\/15715"}],"wp:attachment":[{"href":"http:\/\/archiv.szolnoktv.hu\/index.php?rest_route=%2Fwp%2Fv2%2Fmedia&parent=15664"}],"wp:term":[{"taxonomy":"category","embeddable":true,"href":"http:\/\/archiv.szolnoktv.hu\/index.php?rest_route=%2Fwp%2Fv2%2Fcategories&post=15664"},{"taxonomy":"post_tag","embeddable":true,"href":"http:\/\/archiv.szolnoktv.hu\/index.php?rest_route=%2Fwp%2Fv2%2Ftags&post=15664"}],"curies":[{"name":"wp","href":"https:\/\/api.w.org\/{rel}","templated":true}]}}