{"id":15663,"date":"2016-08-12T15:34:56","date_gmt":"2016-08-12T15:34:56","guid":{"rendered":"http:\/\/archiv.szolnoktv.hu\/?p=15663"},"modified":"2021-08-26T08:06:20","modified_gmt":"2021-08-26T08:06:20","slug":"karpataljai-gyerekek-a-nefagnal","status":"publish","type":"post","link":"http:\/\/archiv.szolnoktv.hu\/?p=15663","title":{"rendered":"K\u00e1rp\u00e1taljai gyerekek a Nefagn\u00e1l"},"content":{"rendered":"<div class='booster-block booster-read-block'><\/div><p>17 k\u00e1rp\u00e1taljai gyermek \u00e9s h\u00e1rom k\u00eds\u00e9r\u0151 vesz r\u00e9szt a Nefag Zrt. erdei t\u00e1bor\u00e1ban. A vend\u00e9gek h\u00e9tf\u0151n \u00e9rkeztek, az\u00f3ta kir\u00e1ndultak, strandoltak valamint megismert\u00e9k az Alf\u00f6ld n\u00f6v\u00e9ny \u00e9s \u00e1llatvil\u00e1g\u00e1t. A t\u00e1borba azok a gyerekek j\u00f6hettek el, akik sz\u00e9p eredm\u00e9nyt \u00e9rtek el a K\u00e1rp\u00e1taljai Reform\u00e1tus Egyh\u00e1zker\u00fclet szeml\u00e9j\u00e9n.<\/p>\n<p> Szeml\u00e9ltet\u0151 eszk\u00f6z\u00f6k seg\u00edts\u00e9g\u00e9vel vezeti be a parkerd\u0151 n\u00f6v\u00e9ny \u00e9s \u00e1llatvil\u00e1g\u00e1ba Sipos Csaba erdei iskolai oktat\u00f3 a k\u00e1rp\u00e1taljai gyerekeket. A vadgazd\u00e1lkod\u00e1ssal kapcsolatos el\u0151ad\u00e1s sor\u00e1n nemcsak a ter\u00fcletre jellemz\u0151 \u00e1llatokat, hanem jellegzetess\u00e9geiket \u00e9s szok\u00e1saikat is  megismerik a di\u00e1kok. A Nefag Zrt. ingyenesen v\u00e1llalta a k\u00e1rp\u00e1taljai gyerekek t\u00e1boroztat\u00e1s\u00e1t. A t\u00e1bor term\u00e9szetesen nemcsak a foglalkoz\u00e1sokr\u00f3l sz\u00f3l. A minap Budapesten tettek l\u00e1togat\u00e1st, ahol a legh\u00edresebb nevezetess\u00e9geket tekintett\u00e9k meg. Strandoltak a Tiszaligeti strandon, \u00e9s alaposan megismerkedtek a megyesz\u00e9khellyel is. A t\u00e1borban azok a gyerekek vehettek r\u00e9szt, akik kiv\u00e1l\u00f3 eredm\u00e9nnyel szerepeltek  a K\u00e1rp\u00e1taljai Reform\u00e1tus Egyh\u00e1zker\u00fclet egyh\u00e1zt\u00f6rt\u00e9neti \u00e9s bibliaismereti versenyen. Az est\u00e9k bogr\u00e1csol\u00e1ssal, szalonna s\u00fct\u00e9ssel, \u00e9s b\u00e1tors\u00e1gpr\u00f3b\u00e1kkal telnek. A vend\u00e9gek holnap utaznak vissza Ukrajn\u00e1ba.<br \/>\n<div style=\"width: 640px;\" class=\"wp-video\"><!--[if lt IE 9]><script>document.createElement('video');<\/script><![endif]-->\n<video class=\"wp-video-shortcode\" id=\"video-15663-1\" width=\"640\" height=\"360\" preload=\"metadata\" controls=\"controls\"><source type=\"video\/mp4\" src=\"\/spots\/hir\/hir_160812_01.mp4?_=1\" \/><a href=\"\/spots\/hir\/hir_160812_01.mp4\">\/spots\/hir\/hir_160812_01.mp4<\/a><\/video><\/div><\/p>\n","protected":false},"excerpt":{"rendered":"<p>17 k\u00e1rp\u00e1taljai gyermek \u00e9s h\u00e1rom k\u00eds\u00e9r\u0151 vesz r\u00e9szt a Nefag Zrt. erdei t\u00e1bor\u00e1ban. A vend\u00e9gek h\u00e9tf\u0151n \u00e9rkeztek, az\u00f3ta kir\u00e1ndultak, strandoltak valamint megismert\u00e9k az Alf\u00f6ld n\u00f6v\u00e9ny \u00e9s \u00e1llatvil\u00e1g\u00e1t. A t\u00e1borba azok a gyerekek j\u00f6hettek el, akik sz\u00e9p eredm\u00e9nyt \u00e9rtek el a K\u00e1rp\u00e1taljai Reform\u00e1tus Egyh\u00e1zker\u00fclet szeml\u00e9j\u00e9n. Szeml\u00e9ltet\u0151 eszk\u00f6z\u00f6k seg\u00edts\u00e9g\u00e9vel vezeti be a parkerd\u0151 n\u00f6v\u00e9ny \u00e9s \u00e1llatvil\u00e1g\u00e1ba Sipos [&hellip;]<\/p>\n","protected":false},"author":2,"featured_media":0,"comment_status":"closed","ping_status":"closed","sticky":false,"template":"","format":"standard","meta":[],"categories":[16],"tags":[],"_links":{"self":[{"href":"http:\/\/archiv.szolnoktv.hu\/index.php?rest_route=\/wp\/v2\/posts\/15663"}],"collection":[{"href":"http:\/\/archiv.szolnoktv.hu\/index.php?rest_route=\/wp\/v2\/posts"}],"about":[{"href":"http:\/\/archiv.szolnoktv.hu\/index.php?rest_route=\/wp\/v2\/types\/post"}],"author":[{"embeddable":true,"href":"http:\/\/archiv.szolnoktv.hu\/index.php?rest_route=\/wp\/v2\/users\/2"}],"replies":[{"embeddable":true,"href":"http:\/\/archiv.szolnoktv.hu\/index.php?rest_route=%2Fwp%2Fv2%2Fcomments&post=15663"}],"version-history":[{"count":1,"href":"http:\/\/archiv.szolnoktv.hu\/index.php?rest_route=\/wp\/v2\/posts\/15663\/revisions"}],"predecessor-version":[{"id":15716,"href":"http:\/\/archiv.szolnoktv.hu\/index.php?rest_route=\/wp\/v2\/posts\/15663\/revisions\/15716"}],"wp:attachment":[{"href":"http:\/\/archiv.szolnoktv.hu\/index.php?rest_route=%2Fwp%2Fv2%2Fmedia&parent=15663"}],"wp:term":[{"taxonomy":"category","embeddable":true,"href":"http:\/\/archiv.szolnoktv.hu\/index.php?rest_route=%2Fwp%2Fv2%2Fcategories&post=15663"},{"taxonomy":"post_tag","embeddable":true,"href":"http:\/\/archiv.szolnoktv.hu\/index.php?rest_route=%2Fwp%2Fv2%2Ftags&post=15663"}],"curies":[{"name":"wp","href":"https:\/\/api.w.org\/{rel}","templated":true}]}}