{"id":15662,"date":"2016-08-11T16:26:37","date_gmt":"2016-08-11T16:26:37","guid":{"rendered":"http:\/\/archiv.szolnoktv.hu\/?p=15662"},"modified":"2021-08-26T08:06:20","modified_gmt":"2021-08-26T08:06:20","slug":"folytatodnak-az-ut-es-jardafelujitasok-3","status":"publish","type":"post","link":"http:\/\/archiv.szolnoktv.hu\/?p=15662","title":{"rendered":"Folytat\u00f3dnak az \u00fat- \u00e9s j\u00e1rdafel\u00faj\u00edt\u00e1sok"},"content":{"rendered":"<div class='booster-block booster-read-block'><\/div><p>Az Ady Endre \u00faton folytat\u00f3dnak, m\u00edg a v\u00e1ros m\u00e1s r\u00e9szein megkezd\u0151dnek az \u00fat- \u00e9s j\u00e1rdafel\u00faj\u00edt\u00e1sok. A beruh\u00e1z\u00e1s-sorozathoz a Modern V\u00e1rosok Program keret\u00e9ben kapott 4 milli\u00e1rd forint ny\u00fajt fedezetet.<\/p>\n<p>Imm\u00e1r az Ady Endre \u00fat harmadik szakasz\u00e1n is megkezd\u0151d\u00f6tt a fel\u00faj\u00edt\u00e1s. A Fiumei \u00fat \u00e9s az Isp\u00e1n k\u00f6r\u00fat k\u00f6z\u00f6tti szakaszon az aszfaltot gyakorlatilag m\u00e1r teljes sz\u00e9less\u00e9gben felmart\u00e1k. A munk\u00e1latok ideje alatt a n\u00e9gy helyett csak k\u00e9t s\u00e1von lehet k\u00f6zlekedni, az aut\u00f3sokat jelz\u0151\u0151r\u00f6k seg\u00edtik. A tervek szerint a mar\u00e1st augusztus 13-\u00e1n, szombaton befejezik. A Baross \u00fat Szap\u00e1ry \u00fat \u00e9s E\u00f6tv\u00f6s t\u00e9r k\u00f6z\u00f6tti szakasz\u00e1n augusztus 12-\u00e9n, p\u00e9nteken kezd\u0151dik meg a fel\u00faj\u00edt\u00e1s. Az aszfalt felmar\u00e1sa a Szap\u00e1ry \u00fat ir\u00e1ny\u00e1b\u00f3l, az E\u00f6tv\u00f6s t\u00e9r ir\u00e1ny\u00e1ba halad majd. A munk\u00e1latokat f\u00e9lp\u00e1ly\u00e1s lez\u00e1r\u00e1s mellett v\u00e9gzik, a szabadon marad\u00f3 f\u00e9lp\u00e1ly\u00e1n biztos\u00edtott a g\u00e9pj\u00e1rm\u0171vek k\u00f6zleked\u00e9se, szint\u00e9n jelz\u0151\u0151r\u00f6k ir\u00e1ny\u00edtj\u00e1k a forgalmat. Augusztus 15-\u00e9n, h\u00e9tf\u0151n pedig megkezd\u0151dik a Kocsoros \u00fati j\u00e1rda fel\u00faj\u00edt\u00e1sa is. A beruh\u00e1z\u00e1ssal v\u00e1rhat\u00f3an november 15-ig v\u00e9geznek.<br \/>\n<div style=\"width: 640px;\" class=\"wp-video\"><!--[if lt IE 9]><script>document.createElement('video');<\/script><![endif]-->\n<video class=\"wp-video-shortcode\" id=\"video-15662-1\" width=\"640\" height=\"360\" preload=\"metadata\" controls=\"controls\"><source type=\"video\/mp4\" src=\"\/spots\/hir\/hir_160811_02.mp4?_=1\" \/><a href=\"\/spots\/hir\/hir_160811_02.mp4\">\/spots\/hir\/hir_160811_02.mp4<\/a><\/video><\/div><\/p>\n","protected":false},"excerpt":{"rendered":"<p>Az Ady Endre \u00faton folytat\u00f3dnak, m\u00edg a v\u00e1ros m\u00e1s r\u00e9szein megkezd\u0151dnek az \u00fat- \u00e9s j\u00e1rdafel\u00faj\u00edt\u00e1sok. A beruh\u00e1z\u00e1s-sorozathoz a Modern V\u00e1rosok Program keret\u00e9ben kapott 4 milli\u00e1rd forint ny\u00fajt fedezetet. Imm\u00e1r az Ady Endre \u00fat harmadik szakasz\u00e1n is megkezd\u0151d\u00f6tt a fel\u00faj\u00edt\u00e1s. A Fiumei \u00fat \u00e9s az Isp\u00e1n k\u00f6r\u00fat k\u00f6z\u00f6tti szakaszon az aszfaltot gyakorlatilag m\u00e1r teljes sz\u00e9less\u00e9gben felmart\u00e1k. [&hellip;]<\/p>\n","protected":false},"author":2,"featured_media":0,"comment_status":"closed","ping_status":"closed","sticky":false,"template":"","format":"standard","meta":[],"categories":[16],"tags":[],"_links":{"self":[{"href":"http:\/\/archiv.szolnoktv.hu\/index.php?rest_route=\/wp\/v2\/posts\/15662"}],"collection":[{"href":"http:\/\/archiv.szolnoktv.hu\/index.php?rest_route=\/wp\/v2\/posts"}],"about":[{"href":"http:\/\/archiv.szolnoktv.hu\/index.php?rest_route=\/wp\/v2\/types\/post"}],"author":[{"embeddable":true,"href":"http:\/\/archiv.szolnoktv.hu\/index.php?rest_route=\/wp\/v2\/users\/2"}],"replies":[{"embeddable":true,"href":"http:\/\/archiv.szolnoktv.hu\/index.php?rest_route=%2Fwp%2Fv2%2Fcomments&post=15662"}],"version-history":[{"count":1,"href":"http:\/\/archiv.szolnoktv.hu\/index.php?rest_route=\/wp\/v2\/posts\/15662\/revisions"}],"predecessor-version":[{"id":15717,"href":"http:\/\/archiv.szolnoktv.hu\/index.php?rest_route=\/wp\/v2\/posts\/15662\/revisions\/15717"}],"wp:attachment":[{"href":"http:\/\/archiv.szolnoktv.hu\/index.php?rest_route=%2Fwp%2Fv2%2Fmedia&parent=15662"}],"wp:term":[{"taxonomy":"category","embeddable":true,"href":"http:\/\/archiv.szolnoktv.hu\/index.php?rest_route=%2Fwp%2Fv2%2Fcategories&post=15662"},{"taxonomy":"post_tag","embeddable":true,"href":"http:\/\/archiv.szolnoktv.hu\/index.php?rest_route=%2Fwp%2Fv2%2Ftags&post=15662"}],"curies":[{"name":"wp","href":"https:\/\/api.w.org\/{rel}","templated":true}]}}