{"id":15661,"date":"2016-08-11T16:21:34","date_gmt":"2016-08-11T16:21:34","guid":{"rendered":"http:\/\/archiv.szolnoktv.hu\/?p=15661"},"modified":"2021-08-26T08:06:20","modified_gmt":"2021-08-26T08:06:20","slug":"lovak-a-szechenyi-lakotelepen","status":"publish","type":"post","link":"http:\/\/archiv.szolnoktv.hu\/?p=15661","title":{"rendered":"Lovak a Sz\u00e9chenyi lak\u00f3telepen"},"content":{"rendered":"<div class='booster-block booster-read-block'><\/div><p>Tehenek \u00e9s lovak legelnek a Sz\u00e9chenyi lak\u00f3telepi Bot\u00e1r Imre \u00fat \u00e9s Karczag L\u00e1szl\u00f3 \u00fat v\u00e9g\u00e9n. Az \u00e1llatok egyre jobban zavarj\u00e1k az ott \u00e9l\u0151ket. A legel\u0151 \u00f6nkorm\u00e1nyzati tulajdonban van, az \u00e1llatok tulajdonosa \u00fan. mezei szab\u00e1lys\u00e9rt\u00e9st k\u00f6vet el, hisz jogtalanul legelteti \u00e1llatait. Az \u00fcgyben hat\u00f3s\u00e1gi elj\u00e1r\u00e1s indult.<\/p>\n<p>\u201eLegel\u0151 lett az \u00fat v\u00e9g\u00e9n tal\u00e1lhat\u00f3 z\u00f6ld ter\u00fcletb\u0151l.\u201e &#8211; mondja az egyik lak\u00f3.   2014-ben jelentek meg az els\u0151 tehenek, majd k\u00e9s\u0151bb lovak a Karczag L\u00e1szl\u00f3, valamint a Bot\u00e1r \u00fat v\u00e9g\u00e9n tal\u00e1lhat\u00f3 tiszt\u00e1son. A lak\u00f3k szerint m\u00e1ra elviselhetetlenn\u00e9 v\u00e1lt a helyzet\u00fck. Az \u00e1llatok ugyan ki vannak k\u00f6tve, \u00e1m sokszor kiszabadulnak \u00e9s m\u00e9g a k\u00f6zeli j\u00e1tsz\u00f3teret is megk\u00f6rny\u00e9kezik. A lak\u00f3k azt mondj\u00e1k, \u00e1llatv\u00e9delmi szempontb\u00f3l is \u00e9rdemes volna megvizsg\u00e1lni az \u00fcgyet. A lovak ugyanis szinte \u00e1lland\u00f3an a legel\u0151n vannak, a legnagyobb hidegben \u00e9s melegben egyar\u00e1nt &#8211; ell\u00e1tatlanul. A probl\u00e9m\u00e1t jelezt\u00e9k a k\u00f6rzet \u00f6nkorm\u00e1nyzati k\u00e9pvisel\u0151j\u00e9nek, valamint panaszt tettek az \u00c1NTSZ-n\u00e9l is.  Ez azt jelenti, hogy ak\u00e1r 150 ezer Ft p\u00e9nzb\u00edrs\u00e1g is kiszabhat\u00f3, ha tov\u00e1bbra is jogtalanul legeltet  az \u00e1llatok tulajdonosa. A v\u00e1ros\u00fczemeltet\u00e9si oszt\u00e1ly vezet\u0151je elmondta: fokozott figyelemmel k\u00eds\u00e9rik majd az \u00e9vek \u00f3ta h\u00faz\u00f3d\u00f3 probl\u00e9m\u00e1t. <br \/>A hat\u00f3s\u00e1gi elj\u00e1r\u00e1st tegnap megind\u00edtott\u00e1k, annak r\u00e9szleteir\u0151l k\u00e9s\u0151bb adnak felvil\u00e1gos\u00edt\u00e1st.<br \/>\n<div style=\"width: 640px;\" class=\"wp-video\"><!--[if lt IE 9]><script>document.createElement('video');<\/script><![endif]-->\n<video class=\"wp-video-shortcode\" id=\"video-15661-1\" width=\"640\" height=\"360\" preload=\"metadata\" controls=\"controls\"><source type=\"video\/mp4\" src=\"\/spots\/hir\/hir_160811_06_1.mp4?_=1\" \/><a href=\"\/spots\/hir\/hir_160811_06_1.mp4\">\/spots\/hir\/hir_160811_06_1.mp4<\/a><\/video><\/div><\/p>\n","protected":false},"excerpt":{"rendered":"<p>Tehenek \u00e9s lovak legelnek a Sz\u00e9chenyi lak\u00f3telepi Bot\u00e1r Imre \u00fat \u00e9s Karczag L\u00e1szl\u00f3 \u00fat v\u00e9g\u00e9n. Az \u00e1llatok egyre jobban zavarj\u00e1k az ott \u00e9l\u0151ket. A legel\u0151 \u00f6nkorm\u00e1nyzati tulajdonban van, az \u00e1llatok tulajdonosa \u00fan. mezei szab\u00e1lys\u00e9rt\u00e9st k\u00f6vet el, hisz jogtalanul legelteti \u00e1llatait. Az \u00fcgyben hat\u00f3s\u00e1gi elj\u00e1r\u00e1s indult. \u201eLegel\u0151 lett az \u00fat v\u00e9g\u00e9n tal\u00e1lhat\u00f3 z\u00f6ld ter\u00fcletb\u0151l.\u201e &#8211; mondja [&hellip;]<\/p>\n","protected":false},"author":2,"featured_media":0,"comment_status":"closed","ping_status":"closed","sticky":false,"template":"","format":"standard","meta":[],"categories":[16],"tags":[],"_links":{"self":[{"href":"http:\/\/archiv.szolnoktv.hu\/index.php?rest_route=\/wp\/v2\/posts\/15661"}],"collection":[{"href":"http:\/\/archiv.szolnoktv.hu\/index.php?rest_route=\/wp\/v2\/posts"}],"about":[{"href":"http:\/\/archiv.szolnoktv.hu\/index.php?rest_route=\/wp\/v2\/types\/post"}],"author":[{"embeddable":true,"href":"http:\/\/archiv.szolnoktv.hu\/index.php?rest_route=\/wp\/v2\/users\/2"}],"replies":[{"embeddable":true,"href":"http:\/\/archiv.szolnoktv.hu\/index.php?rest_route=%2Fwp%2Fv2%2Fcomments&post=15661"}],"version-history":[{"count":1,"href":"http:\/\/archiv.szolnoktv.hu\/index.php?rest_route=\/wp\/v2\/posts\/15661\/revisions"}],"predecessor-version":[{"id":15718,"href":"http:\/\/archiv.szolnoktv.hu\/index.php?rest_route=\/wp\/v2\/posts\/15661\/revisions\/15718"}],"wp:attachment":[{"href":"http:\/\/archiv.szolnoktv.hu\/index.php?rest_route=%2Fwp%2Fv2%2Fmedia&parent=15661"}],"wp:term":[{"taxonomy":"category","embeddable":true,"href":"http:\/\/archiv.szolnoktv.hu\/index.php?rest_route=%2Fwp%2Fv2%2Fcategories&post=15661"},{"taxonomy":"post_tag","embeddable":true,"href":"http:\/\/archiv.szolnoktv.hu\/index.php?rest_route=%2Fwp%2Fv2%2Ftags&post=15661"}],"curies":[{"name":"wp","href":"https:\/\/api.w.org\/{rel}","templated":true}]}}