{"id":15657,"date":"2016-08-11T12:36:38","date_gmt":"2016-08-11T12:36:38","guid":{"rendered":"http:\/\/archiv.szolnoktv.hu\/?p=15657"},"modified":"2021-08-26T08:06:20","modified_gmt":"2021-08-26T08:06:20","slug":"villamcsapastol-gyulladt-ki-a-szandaszolosi-lakas","status":"publish","type":"post","link":"http:\/\/archiv.szolnoktv.hu\/?p=15657","title":{"rendered":"Vill\u00e1mcsap\u00e1st\u00f3l gyulladt ki a szandasz\u0151l\u0151si lak\u00e1s"},"content":{"rendered":"<div class='booster-block booster-read-block'><\/div><p>M\u00e1ra virrad\u00f3ra teljesen ki\u00e9gett az a szandasz\u0151l\u0151si lak\u00e1s, amely tet\u0151szerkezet\u00e9be vill\u00e1m csapott. A l\u00e1ngokat a szolnoki t\u0171zolt\u00f3k f\u00e9kezt\u00e9k meg, viszont az olt\u00e1s idej\u00e9re 15 embernek el kellett hagynia ingatlan\u00e1t. A balesetben senki sem s\u00e9r\u00fclt meg.<\/p>\n<p>M\u00e1ra virrad\u00f3ra teljesen ki\u00e9gett az a szandasz\u0151l\u0151si lak\u00e1s, amely tet\u0151szerkezet\u00e9be vill\u00e1m csapott. A l\u00e1ngokat a szolnoki t\u0171zolt\u00f3k f\u00e9kezt\u00e9k meg, viszont az olt\u00e1s idej\u00e9re 15 embernek el kellett hagynia ingatlan\u00e1t. A balesetben senki sem s\u00e9r\u00fclt meg. Emellett az \u00e9jszaka \u00e1tvonul\u00f3 hidegfront JNSZ megy\u00e9ben t\u00f6bb helyen is kisebb k\u00e1rokat okozott. A t\u00f6bbi k\u00f6z\u00f6tt Kunszentm\u00e1rtonban egy 20 m\u00e9ter magas feny\u0151fa d\u0151lt meg az er\u0151s sz\u00e9l miatt, Kis\u00fajsz\u00e1ll\u00e1son a k\u0151risfa \u00e1ga t\u00f6rt le egy \u00f3voda udvar\u00e1n, illetve Tiszaf\u00fcreden egy ny\u00edrfa hasadt sz\u00e9t, valamint f\u0171zf\u00e1k \u00e1gai t\u00f6rtek le.<br \/>\n<div style=\"width: 640px;\" class=\"wp-video\"><!--[if lt IE 9]><script>document.createElement('video');<\/script><![endif]-->\n<video class=\"wp-video-shortcode\" id=\"video-15657-1\" width=\"640\" height=\"360\" preload=\"metadata\" controls=\"controls\"><source type=\"video\/mp4\" src=\"\/spots\/hir\/hir_160811_01.mp4?_=1\" \/><a href=\"\/spots\/hir\/hir_160811_01.mp4\">\/spots\/hir\/hir_160811_01.mp4<\/a><\/video><\/div><\/p>\n","protected":false},"excerpt":{"rendered":"<p>M\u00e1ra virrad\u00f3ra teljesen ki\u00e9gett az a szandasz\u0151l\u0151si lak\u00e1s, amely tet\u0151szerkezet\u00e9be vill\u00e1m csapott. A l\u00e1ngokat a szolnoki t\u0171zolt\u00f3k f\u00e9kezt\u00e9k meg, viszont az olt\u00e1s idej\u00e9re 15 embernek el kellett hagynia ingatlan\u00e1t. A balesetben senki sem s\u00e9r\u00fclt meg. M\u00e1ra virrad\u00f3ra teljesen ki\u00e9gett az a szandasz\u0151l\u0151si lak\u00e1s, amely tet\u0151szerkezet\u00e9be vill\u00e1m csapott. A l\u00e1ngokat a szolnoki t\u0171zolt\u00f3k f\u00e9kezt\u00e9k meg, viszont [&hellip;]<\/p>\n","protected":false},"author":2,"featured_media":0,"comment_status":"closed","ping_status":"closed","sticky":false,"template":"","format":"standard","meta":[],"categories":[16],"tags":[],"_links":{"self":[{"href":"http:\/\/archiv.szolnoktv.hu\/index.php?rest_route=\/wp\/v2\/posts\/15657"}],"collection":[{"href":"http:\/\/archiv.szolnoktv.hu\/index.php?rest_route=\/wp\/v2\/posts"}],"about":[{"href":"http:\/\/archiv.szolnoktv.hu\/index.php?rest_route=\/wp\/v2\/types\/post"}],"author":[{"embeddable":true,"href":"http:\/\/archiv.szolnoktv.hu\/index.php?rest_route=\/wp\/v2\/users\/2"}],"replies":[{"embeddable":true,"href":"http:\/\/archiv.szolnoktv.hu\/index.php?rest_route=%2Fwp%2Fv2%2Fcomments&post=15657"}],"version-history":[{"count":1,"href":"http:\/\/archiv.szolnoktv.hu\/index.php?rest_route=\/wp\/v2\/posts\/15657\/revisions"}],"predecessor-version":[{"id":15722,"href":"http:\/\/archiv.szolnoktv.hu\/index.php?rest_route=\/wp\/v2\/posts\/15657\/revisions\/15722"}],"wp:attachment":[{"href":"http:\/\/archiv.szolnoktv.hu\/index.php?rest_route=%2Fwp%2Fv2%2Fmedia&parent=15657"}],"wp:term":[{"taxonomy":"category","embeddable":true,"href":"http:\/\/archiv.szolnoktv.hu\/index.php?rest_route=%2Fwp%2Fv2%2Fcategories&post=15657"},{"taxonomy":"post_tag","embeddable":true,"href":"http:\/\/archiv.szolnoktv.hu\/index.php?rest_route=%2Fwp%2Fv2%2Ftags&post=15657"}],"curies":[{"name":"wp","href":"https:\/\/api.w.org\/{rel}","templated":true}]}}