{"id":15655,"date":"2016-08-10T18:34:05","date_gmt":"2016-08-10T18:34:05","guid":{"rendered":"http:\/\/archiv.szolnoktv.hu\/?p=15655"},"modified":"2021-08-26T08:06:21","modified_gmt":"2021-08-26T08:06:21","slug":"bunmegelozesi-es-eletmod-tabor-kommandos-nap","status":"publish","type":"post","link":"http:\/\/archiv.szolnoktv.hu\/?p=15655","title":{"rendered":"B\u0171nmegel\u0151z\u00e9si \u00e9s \u00c9letm\u00f3d T\u00e1bor &#8211; Kommand\u00f3s nap"},"content":{"rendered":"<div class='booster-block booster-read-block'><\/div><p>Ebben az \u00e9vben k\u00f6zel 70 \u00e1ltal\u00e1nos iskol\u00e1s gyermek vesz r\u00e9szt a Szolnoki Rend\u0151rkapit\u00e1nys\u00e1g B\u0171nmegel\u0151z\u00e9si \u00e9s \u00c9letm\u00f3d T\u00e1bor\u00e1ban. A 8. alkalommal megrendezett egy hetes rendezv\u00e9nyen a gyerekek a t\u00f6bbi k\u00f6z\u00f6tt csapat\u00e9p\u00edt\u0151 foglalkoz\u00e1sokon, drogprevenci\u00f3s el\u0151ad\u00e1sokon vesznek r\u00e9szt, de emellett honv\u00e9ds\u00e9gi akad\u00e1ly p\u00e1ly\u00e1t is teljes\u00edtettek \u00e9s a mai nap a kommand\u00f3sok \u00e9let\u00e9be is betekinthettek.<\/p>\n<p>Ebben az \u00e9vben k\u00f6zel 70 \u00e1ltal\u00e1nos iskol\u00e1s gyermek vesz r\u00e9szt a JNSZ Megyei Rend\u0151r-f\u0151kapit\u00e1nys\u00e1g B\u0171nmegel\u0151z\u00e9si \u00e9s \u00c9letm\u00f3d T\u00e1bor\u00e1ban. A 8. alkalommal megrendezett egy hetes rendezv\u00e9nyen a gyerekek a t\u00f6bbi k\u00f6z\u00f6tt csapat\u00e9p\u00edt\u0151 foglalkoz\u00e1sokon, drogprevenci\u00f3s el\u0151ad\u00e1sokon vesznek r\u00e9szt, de emellett honv\u00e9ds\u00e9gi akad\u00e1ly p\u00e1ly\u00e1t is teljes\u00edtettek \u00e9s a mai nap a kommand\u00f3sok \u00e9let\u00e9be is betekinthettek.<br \/>\n<div style=\"width: 640px;\" class=\"wp-video\"><!--[if lt IE 9]><script>document.createElement('video');<\/script><![endif]-->\n<video class=\"wp-video-shortcode\" id=\"video-15655-1\" width=\"640\" height=\"360\" preload=\"metadata\" controls=\"controls\"><source type=\"video\/mp4\" src=\"\/spots\/hir\/hir_160810_04_1.mp4?_=1\" \/><a href=\"\/spots\/hir\/hir_160810_04_1.mp4\">\/spots\/hir\/hir_160810_04_1.mp4<\/a><\/video><\/div><\/p>\n","protected":false},"excerpt":{"rendered":"<p>Ebben az \u00e9vben k\u00f6zel 70 \u00e1ltal\u00e1nos iskol\u00e1s gyermek vesz r\u00e9szt a Szolnoki Rend\u0151rkapit\u00e1nys\u00e1g B\u0171nmegel\u0151z\u00e9si \u00e9s \u00c9letm\u00f3d T\u00e1bor\u00e1ban. A 8. alkalommal megrendezett egy hetes rendezv\u00e9nyen a gyerekek a t\u00f6bbi k\u00f6z\u00f6tt csapat\u00e9p\u00edt\u0151 foglalkoz\u00e1sokon, drogprevenci\u00f3s el\u0151ad\u00e1sokon vesznek r\u00e9szt, de emellett honv\u00e9ds\u00e9gi akad\u00e1ly p\u00e1ly\u00e1t is teljes\u00edtettek \u00e9s a mai nap a kommand\u00f3sok \u00e9let\u00e9be is betekinthettek. Ebben az \u00e9vben k\u00f6zel [&hellip;]<\/p>\n","protected":false},"author":2,"featured_media":0,"comment_status":"closed","ping_status":"closed","sticky":false,"template":"","format":"standard","meta":[],"categories":[16],"tags":[],"_links":{"self":[{"href":"http:\/\/archiv.szolnoktv.hu\/index.php?rest_route=\/wp\/v2\/posts\/15655"}],"collection":[{"href":"http:\/\/archiv.szolnoktv.hu\/index.php?rest_route=\/wp\/v2\/posts"}],"about":[{"href":"http:\/\/archiv.szolnoktv.hu\/index.php?rest_route=\/wp\/v2\/types\/post"}],"author":[{"embeddable":true,"href":"http:\/\/archiv.szolnoktv.hu\/index.php?rest_route=\/wp\/v2\/users\/2"}],"replies":[{"embeddable":true,"href":"http:\/\/archiv.szolnoktv.hu\/index.php?rest_route=%2Fwp%2Fv2%2Fcomments&post=15655"}],"version-history":[{"count":1,"href":"http:\/\/archiv.szolnoktv.hu\/index.php?rest_route=\/wp\/v2\/posts\/15655\/revisions"}],"predecessor-version":[{"id":15724,"href":"http:\/\/archiv.szolnoktv.hu\/index.php?rest_route=\/wp\/v2\/posts\/15655\/revisions\/15724"}],"wp:attachment":[{"href":"http:\/\/archiv.szolnoktv.hu\/index.php?rest_route=%2Fwp%2Fv2%2Fmedia&parent=15655"}],"wp:term":[{"taxonomy":"category","embeddable":true,"href":"http:\/\/archiv.szolnoktv.hu\/index.php?rest_route=%2Fwp%2Fv2%2Fcategories&post=15655"},{"taxonomy":"post_tag","embeddable":true,"href":"http:\/\/archiv.szolnoktv.hu\/index.php?rest_route=%2Fwp%2Fv2%2Ftags&post=15655"}],"curies":[{"name":"wp","href":"https:\/\/api.w.org\/{rel}","templated":true}]}}