{"id":15654,"date":"2016-08-10T18:32:37","date_gmt":"2016-08-10T18:32:37","guid":{"rendered":"http:\/\/archiv.szolnoktv.hu\/?p=15654"},"modified":"2021-08-26T08:06:21","modified_gmt":"2021-08-26T08:06:21","slug":"megnyilt-a-nagykorosi-nemzetkozi-muvesztelep-kiallitasa","status":"publish","type":"post","link":"http:\/\/archiv.szolnoktv.hu\/?p=15654","title":{"rendered":"Megny\u00edlt a Nagyk\u0151r\u00f6si Nemzetk\u00f6zi M\u0171v\u00e9sztelep ki\u00e1ll\u00edt\u00e1sa"},"content":{"rendered":"<div class='booster-block booster-read-block'><\/div><p>Megny\u00edlt a Nagyk\u0151r\u00f6si Nemzetk\u00f6zi M\u0171v\u00e9sztelep ki\u00e1ll\u00edt\u00e1sa. A t\u00e1rlat a Szolnoki M\u0171v\u00e9sztelep KERT Gal\u00e9ri\u00e1j\u00e1n szeptember 4-ig tekinthet\u0151 meg.<\/p>\n<p>\u00c9ppen 20 esztend\u0151vel ezel\u0151tt rendezt\u00e9k meg az els\u0151 m\u0171v\u00e9sztelepet Nagyk\u0151r\u00f6s\u00f6n. Meg\u00e1lmod\u00f3ja az a R\u00e9vay Gy\u00f6rgy volt, aki akkor seg\u00edtett a m\u0171v\u00e9szeken, amikor a 90-es \u00e9vek elej\u00e9n a meg\u00e9lhet\u00e9s\u00fck egyre nehezebb\u00e9 v\u00e1lt \u00e9s sorra sz\u0171ntek meg a m\u0171v\u00e9sztelepek. Az alkot\u00f3t\u00e1bor k\u00f6lts\u00e9geit pedig \u00e9vr\u0151l-\u00e9vre saj\u00e1t maga teremti el\u0151 &#8211; emelte ki megnyit\u00f3j\u00e1ban &#8211; nem kis elismer\u00e9ssel a hangj\u00e1ban &#8211; Zsolnay L\u00e1szl\u00f3, a Damjanich J\u00e1nos M\u00fazeum m\u0171v\u00e9szett\u00f6rt\u00e9n\u00e9sze. R\u00e9vay Gy\u00f6rgy megh\u00edv\u00e1s\u00e1t minden \u00e9vben neves m\u0171v\u00e9szek fogadj\u00e1k el itthonr\u00f3l \u00e9s k\u00fclf\u00f6ldr\u0151l egyar\u00e1nt, m\u00e1r t\u00f6bb, mint 10 orsz\u00e1gb\u00f3l vettek r\u00e9szt a Nagyk\u0151r\u00f6si Nemzetk\u00f6zi Alkot\u00f3t\u00e1borban. Az elm\u00falt 20 \u00e9v v\u00e1logat\u00e1s\u00e1t ez\u00fattal a Szolnoki M\u0171v\u00e9sztelep Kert Gal\u00e9ri\u00e1j\u00e1n mutatj\u00e1k be: olajfestm\u00e9nyek, akvarellek, grafik\u00e1k l\u00e1that\u00f3k. Ezek z\u00f6mmel figurat\u00edv alkot\u00e1sok, csend\u00e9letek, illetve t\u00e1jk\u00e9pi ihlet\u00e9s\u0171 m\u0171vek Nagyk\u0151r\u00f6sr\u0151l \u00e9s k\u00f6rny\u00e9k\u00e9r\u0151l. A csaknem 50 alkot\u00e1st bemutat\u00f3 t\u00e1rlat szeptember 4-ig tekinthet\u0151 meg.<br \/>\n<div style=\"width: 640px;\" class=\"wp-video\"><!--[if lt IE 9]><script>document.createElement('video');<\/script><![endif]-->\n<video class=\"wp-video-shortcode\" id=\"video-15654-1\" width=\"640\" height=\"360\" preload=\"metadata\" controls=\"controls\"><source type=\"video\/mp4\" src=\"\/spots\/hir\/hir_160810_03.mp4?_=1\" \/><a href=\"\/spots\/hir\/hir_160810_03.mp4\">\/spots\/hir\/hir_160810_03.mp4<\/a><\/video><\/div><\/p>\n","protected":false},"excerpt":{"rendered":"<p>Megny\u00edlt a Nagyk\u0151r\u00f6si Nemzetk\u00f6zi M\u0171v\u00e9sztelep ki\u00e1ll\u00edt\u00e1sa. A t\u00e1rlat a Szolnoki M\u0171v\u00e9sztelep KERT Gal\u00e9ri\u00e1j\u00e1n szeptember 4-ig tekinthet\u0151 meg. \u00c9ppen 20 esztend\u0151vel ezel\u0151tt rendezt\u00e9k meg az els\u0151 m\u0171v\u00e9sztelepet Nagyk\u0151r\u00f6s\u00f6n. Meg\u00e1lmod\u00f3ja az a R\u00e9vay Gy\u00f6rgy volt, aki akkor seg\u00edtett a m\u0171v\u00e9szeken, amikor a 90-es \u00e9vek elej\u00e9n a meg\u00e9lhet\u00e9s\u00fck egyre nehezebb\u00e9 v\u00e1lt \u00e9s sorra sz\u0171ntek meg a m\u0171v\u00e9sztelepek. Az [&hellip;]<\/p>\n","protected":false},"author":2,"featured_media":0,"comment_status":"closed","ping_status":"closed","sticky":false,"template":"","format":"standard","meta":[],"categories":[16],"tags":[],"_links":{"self":[{"href":"http:\/\/archiv.szolnoktv.hu\/index.php?rest_route=\/wp\/v2\/posts\/15654"}],"collection":[{"href":"http:\/\/archiv.szolnoktv.hu\/index.php?rest_route=\/wp\/v2\/posts"}],"about":[{"href":"http:\/\/archiv.szolnoktv.hu\/index.php?rest_route=\/wp\/v2\/types\/post"}],"author":[{"embeddable":true,"href":"http:\/\/archiv.szolnoktv.hu\/index.php?rest_route=\/wp\/v2\/users\/2"}],"replies":[{"embeddable":true,"href":"http:\/\/archiv.szolnoktv.hu\/index.php?rest_route=%2Fwp%2Fv2%2Fcomments&post=15654"}],"version-history":[{"count":1,"href":"http:\/\/archiv.szolnoktv.hu\/index.php?rest_route=\/wp\/v2\/posts\/15654\/revisions"}],"predecessor-version":[{"id":15725,"href":"http:\/\/archiv.szolnoktv.hu\/index.php?rest_route=\/wp\/v2\/posts\/15654\/revisions\/15725"}],"wp:attachment":[{"href":"http:\/\/archiv.szolnoktv.hu\/index.php?rest_route=%2Fwp%2Fv2%2Fmedia&parent=15654"}],"wp:term":[{"taxonomy":"category","embeddable":true,"href":"http:\/\/archiv.szolnoktv.hu\/index.php?rest_route=%2Fwp%2Fv2%2Fcategories&post=15654"},{"taxonomy":"post_tag","embeddable":true,"href":"http:\/\/archiv.szolnoktv.hu\/index.php?rest_route=%2Fwp%2Fv2%2Ftags&post=15654"}],"curies":[{"name":"wp","href":"https:\/\/api.w.org\/{rel}","templated":true}]}}