{"id":15653,"date":"2016-08-10T18:31:46","date_gmt":"2016-08-10T18:31:46","guid":{"rendered":"http:\/\/archiv.szolnoktv.hu\/?p=15653"},"modified":"2021-08-26T08:06:21","modified_gmt":"2021-08-26T08:06:21","slug":"ket-uj-taxiallomas-szolnokon","status":"publish","type":"post","link":"http:\/\/archiv.szolnoktv.hu\/?p=15653","title":{"rendered":"K\u00e9t \u00faj taxi\u00e1llom\u00e1s Szolnokon"},"content":{"rendered":"<div class='booster-block booster-read-block'><\/div><p>H\u00e9tf\u0151n megsz\u0171nt a Kossuth \u00fat \u00c1rk\u00e1d \u00dczleth\u00e1z el\u0151tti taxi\u00e1llom\u00e1s. A taxidrosztot a Kossuth t\u00e9rre \u00e9s a Baross \u00fati parkol\u00f3ba helyezt\u00e9k \u00e1t. A meg\u00fcresedett \u00e1llom\u00e1st \u00e1rusz\u00e1ll\u00edt\u00f3k haszn\u00e1lhatj\u00e1k majd, de csak enged\u00e9llyel \u00e9s korl\u00e1tozott ideig. A taxisok egyel\u0151re szokj\u00e1k \u00faj helyeiket, de nemcsak \u0151k, utasaik is.<\/p>\n<p>Teljesen \u00fcres az \u00c1rk\u00e1d \u00fczleth\u00e1z el\u0151tti taxi\u00e1llom\u00e1s. Nem v\u00e9letlen\u00fcl, a v\u00e1rosi \u00f6nkorm\u00e1nyzat a taxi t\u00e1rsas\u00e1gokkal t\u00f6rt\u00e9nt egyeztet\u00e9s alapj\u00e1n h\u00e9tf\u0151n megsz\u00fcntette a hat \u00e1ll\u00e1sos drosztot. Az \u00e1llom\u00e1s a Kossuth t\u00e9rre, a volt n\u00e9plap sz\u00e9kh\u00e1z el\u00e9, \u00e9s a Baross \u00fati parkol\u00f3ba ker\u00fclt \u00e1llt. \u201eA Kossuth t\u00e9ren val\u00f3 behajt\u00e1ssal van \u00f6sszef\u00fcgg\u00e9sben, ez a d\u00f6nt\u00e9s nemcsak a taxik behajt\u00e1s\u00e1t korl\u00e1tozza majd, hanem lehet\u0151s\u00e9get ad azoknak az \u00e1rusz\u00e1ll\u00edt\u00f3knak akik a Kossuth t\u00e9ren m\u0171k\u00f6d\u0151 vend\u00e9gl\u00e1t\u00f3helyeket l\u00e1tj\u00e1k el. \u201e mondta Fej\u00e9r Andor alpolg\u00e1rmester. Ezek a teheraut\u00f3k a r\u00e9gi taxi\u00e1llom\u00e1s hely\u00e9n enged\u00e9llyel v\u00e1rakozhatnak majd. Korl\u00e1tozott ideig, harminc percig. &#8211; tette hozz\u00e1 Fej\u00e9r Andor. A vas\u00fat\u00e1llom\u00e1si, Kolozsv\u00e1ri utcai \u00e9s a volt Pelik\u00e1n sz\u00e1ll\u00f3 el\u0151tti parkol\u00f3ban l\u00e9v\u0151 taxi\u00e1llom\u00e1sok \u00e9let\u00e9ben nem t\u00f6rt\u00e9nt v\u00e1ltoz\u00e1s. A taxisok \u00fagy fogalmaztak: nem tal\u00e1lj\u00e1k m\u00e9g a hely\u00fcket, \u00e9s az utasok is a r\u00e9gi \u00e1llom\u00e1son keresik a kocsikat. \u201eAz \u00e1thelyez\u00e9s mik\u00e9ntje a taxit\u00e1rsas\u00e1gok bevon\u00e1s\u00e1val t\u00f6rt\u00e9nt, a jelenleg helysz\u00edn is az \u0151 k\u00e9r\u00e9s\u00fckre ker\u00fclt kihelyez\u00e9sre.\u201e &#8211; tette hozz\u00e1 az alpolg\u00e1rmester. Tudom\u00e1sul vett\u00e9k \u00e9s elfogadt\u00e1k. Nemcsak az utasoknak kell megszokniuk az \u00faj \u00e1llom\u00e1sokat, hanem a k\u00f6zleked\u0151knek is. Sok aut\u00f3s ugyanis automatikusan elfoglalja a taxisoknak kijel\u00f6lt helyeket. Az \u00e1t\u00e1ll\u00e1si id\u0151ben a k\u00f6zter\u00fclet-fel\u00fcgyelet csak figyelmeztet, p\u00e9nzb\u00edrs\u00e1got nem szabnak ki.<br \/>\n<div style=\"width: 640px;\" class=\"wp-video\"><!--[if lt IE 9]><script>document.createElement('video');<\/script><![endif]-->\n<video class=\"wp-video-shortcode\" id=\"video-15653-1\" width=\"640\" height=\"360\" preload=\"metadata\" controls=\"controls\"><source type=\"video\/mp4\" src=\"\/spots\/hir\/hir_160810_05.mp4?_=1\" \/><a href=\"\/spots\/hir\/hir_160810_05.mp4\">\/spots\/hir\/hir_160810_05.mp4<\/a><\/video><\/div><\/p>\n","protected":false},"excerpt":{"rendered":"<p>H\u00e9tf\u0151n megsz\u0171nt a Kossuth \u00fat \u00c1rk\u00e1d \u00dczleth\u00e1z el\u0151tti taxi\u00e1llom\u00e1s. A taxidrosztot a Kossuth t\u00e9rre \u00e9s a Baross \u00fati parkol\u00f3ba helyezt\u00e9k \u00e1t. A meg\u00fcresedett \u00e1llom\u00e1st \u00e1rusz\u00e1ll\u00edt\u00f3k haszn\u00e1lhatj\u00e1k majd, de csak enged\u00e9llyel \u00e9s korl\u00e1tozott ideig. A taxisok egyel\u0151re szokj\u00e1k \u00faj helyeiket, de nemcsak \u0151k, utasaik is. Teljesen \u00fcres az \u00c1rk\u00e1d \u00fczleth\u00e1z el\u0151tti taxi\u00e1llom\u00e1s. Nem v\u00e9letlen\u00fcl, a v\u00e1rosi [&hellip;]<\/p>\n","protected":false},"author":2,"featured_media":0,"comment_status":"closed","ping_status":"closed","sticky":false,"template":"","format":"standard","meta":[],"categories":[16],"tags":[],"_links":{"self":[{"href":"http:\/\/archiv.szolnoktv.hu\/index.php?rest_route=\/wp\/v2\/posts\/15653"}],"collection":[{"href":"http:\/\/archiv.szolnoktv.hu\/index.php?rest_route=\/wp\/v2\/posts"}],"about":[{"href":"http:\/\/archiv.szolnoktv.hu\/index.php?rest_route=\/wp\/v2\/types\/post"}],"author":[{"embeddable":true,"href":"http:\/\/archiv.szolnoktv.hu\/index.php?rest_route=\/wp\/v2\/users\/2"}],"replies":[{"embeddable":true,"href":"http:\/\/archiv.szolnoktv.hu\/index.php?rest_route=%2Fwp%2Fv2%2Fcomments&post=15653"}],"version-history":[{"count":1,"href":"http:\/\/archiv.szolnoktv.hu\/index.php?rest_route=\/wp\/v2\/posts\/15653\/revisions"}],"predecessor-version":[{"id":15726,"href":"http:\/\/archiv.szolnoktv.hu\/index.php?rest_route=\/wp\/v2\/posts\/15653\/revisions\/15726"}],"wp:attachment":[{"href":"http:\/\/archiv.szolnoktv.hu\/index.php?rest_route=%2Fwp%2Fv2%2Fmedia&parent=15653"}],"wp:term":[{"taxonomy":"category","embeddable":true,"href":"http:\/\/archiv.szolnoktv.hu\/index.php?rest_route=%2Fwp%2Fv2%2Fcategories&post=15653"},{"taxonomy":"post_tag","embeddable":true,"href":"http:\/\/archiv.szolnoktv.hu\/index.php?rest_route=%2Fwp%2Fv2%2Ftags&post=15653"}],"curies":[{"name":"wp","href":"https:\/\/api.w.org\/{rel}","templated":true}]}}