{"id":15652,"date":"2016-08-10T18:29:11","date_gmt":"2016-08-10T18:29:11","guid":{"rendered":"http:\/\/archiv.szolnoktv.hu\/?p=15652"},"modified":"2021-08-26T08:06:21","modified_gmt":"2021-08-26T08:06:21","slug":"erdelyben-jartunk","status":"publish","type":"post","link":"http:\/\/archiv.szolnoktv.hu\/?p=15652","title":{"rendered":"Erd\u00e9lyben j\u00e1rtunk"},"content":{"rendered":"<div class='booster-block booster-read-block'><\/div><p>St\u00e1bunk tegnap k\u00e9s\u0151 este \u00e9rkezett meg Erd\u00e9lyb\u0151l, ahonnan Kolozs megyei b\u00faz\u00e1t \u00e9s Parajdi s\u00f3t hozott haza a K\u00e1rp\u00e1t-medence kenyer\u00e9hez. Di\u00f3szegi L\u00e1szl\u00f3 sepsiszentgy\u00f6rgyi p\u00e9kmester azt mondta: nagy kih\u00edv\u00e1s lesz a 300 kilogrammos keny\u00e9r megs\u00fct\u00e9se, de b\u00edzik benne, koll\u00e9g\u00e1ival egy\u00fctt ezt a feladatot is megoldj\u00e1k.<br \/>\n<br \/> T\u00edz zs\u00e1k b\u00faz\u00e1val j\u00e1rul hozz\u00e1 id\u00e9n Kolozs megye a K\u00e1rp\u00e1t-medence kenyer\u00e9nek megs\u00fct\u00e9s\u00e9hez. V\u00e1k\u00e1r Istv\u00e1n aleln\u00f6k \u00fcnnep\u00e9lyes keretek k\u00f6z\u00f6tt adta \u00e1t h\u00e9tf\u0151n a kolozsv\u00e1ri magyar f\u0151konzul\u00e1tus udvar\u00e1n. Ezt pedig m\u00e1r Kov\u00e1szna megye sz\u00e9khelye, Sepsiszentgy\u00f6rgy, ahol az els\u0151 utunk a Di\u00f3szegi P\u00e9ks\u00e9gbe vezetett. Az alf\u00f6ldi liszten a hat \u00e9ves program c\u00edmere, a sz\u00e9kelyf\u00f6ldi v\u00e1rosban is kenyeret s\u00fctni majd augusztus 20-\u00e1n. T\u00f6bb kisebb cip\u00f3t k\u00f3stolhatnak majd meg az \u00fcnneps\u00e9gen, Szolnokon viszont egy j\u00f3val nagyobbat. Id\u00e9n ugyanis tov\u00e1bb n\u00f6velt\u00fck a m\u00e9retet, 300 kilogrammos kenyeret s\u00fct\u00fcnk, amihez az \u00f6sszetev\u0151ket a hat\u00e1ron t\u00fali elcsatolt ter\u00fcletekr\u0151l hozzuk. Augusztus 20-\u00e1n a nemzet \u00f6sszetartoz\u00e1s\u00e1t a keny\u00e9r szimboliz\u00e1lja &#8211; Szab\u00f3 Lajos pl\u00e9b\u00e1nos azt mondta: amikor t\u00f6bb ezer b\u00fazaszem egyes\u00fcl egy nagy keny\u00e9rben az pont olyan, mint mikor a magyars\u00e1g egy k\u00f6z\u00f6s \u00fcnnepen \u00f6sszefog. Kov\u00e1szna \u00e9s Szolnok megye k\u00f6z\u00f6tt r\u00e9gi, gy\u00fcm\u00f6lcs\u00f6z\u0151, szoros kapcsolat van, a K\u00e1rp\u00e1t-medence kenyere program mindezt tov\u00e1bb er\u0151s\u00edti. Erd\u00e9lyb\u0151l nem csak a p\u00e9kek szaktud\u00e1sa \u00e9rkezik, hanem a keny\u00e9r egyik \u00f6sszetev\u0151je a s\u00f3 is. A parajdi messze f\u00f6ld\u00f6n h\u00edres, a K\u00e1rp\u00e1t-medence kenyer\u00e9hez ilyet v\u00e1lasztottunk. <br \/>Alf\u00f6ldi liszttel \u00e9rkezt\u00fcnk, majd parajdi s\u00f3val t\u00e1voztunk Erd\u00e9lyb\u0151l. A nagyk\u00f6z\u00f6ns\u00e9g majd augusztus 20-\u00e1n a keny\u00e9r megszeg\u00e9sekor tudhatja meg, milyen \u00edzt adott a 300 kilogrammos K\u00e1rp\u00e1t-medence kenyer\u00e9nek.<br \/>\n<div style=\"width: 640px;\" class=\"wp-video\"><!--[if lt IE 9]><script>document.createElement('video');<\/script><![endif]-->\n<video class=\"wp-video-shortcode\" id=\"video-15652-1\" width=\"640\" height=\"360\" preload=\"metadata\" controls=\"controls\"><source type=\"video\/mp4\" src=\"\/spots\/hir\/hir_160810_01.mp4?_=1\" \/><a href=\"\/spots\/hir\/hir_160810_01.mp4\">\/spots\/hir\/hir_160810_01.mp4<\/a><\/video><\/div><\/p>\n","protected":false},"excerpt":{"rendered":"<p>St\u00e1bunk tegnap k\u00e9s\u0151 este \u00e9rkezett meg Erd\u00e9lyb\u0151l, ahonnan Kolozs megyei b\u00faz\u00e1t \u00e9s Parajdi s\u00f3t hozott haza a K\u00e1rp\u00e1t-medence kenyer\u00e9hez. Di\u00f3szegi L\u00e1szl\u00f3 sepsiszentgy\u00f6rgyi p\u00e9kmester azt mondta: nagy kih\u00edv\u00e1s lesz a 300 kilogrammos keny\u00e9r megs\u00fct\u00e9se, de b\u00edzik benne, koll\u00e9g\u00e1ival egy\u00fctt ezt a feladatot is megoldj\u00e1k. T\u00edz zs\u00e1k b\u00faz\u00e1val j\u00e1rul hozz\u00e1 id\u00e9n Kolozs megye a K\u00e1rp\u00e1t-medence kenyer\u00e9nek megs\u00fct\u00e9s\u00e9hez. [&hellip;]<\/p>\n","protected":false},"author":2,"featured_media":0,"comment_status":"closed","ping_status":"closed","sticky":false,"template":"","format":"standard","meta":[],"categories":[16],"tags":[],"_links":{"self":[{"href":"http:\/\/archiv.szolnoktv.hu\/index.php?rest_route=\/wp\/v2\/posts\/15652"}],"collection":[{"href":"http:\/\/archiv.szolnoktv.hu\/index.php?rest_route=\/wp\/v2\/posts"}],"about":[{"href":"http:\/\/archiv.szolnoktv.hu\/index.php?rest_route=\/wp\/v2\/types\/post"}],"author":[{"embeddable":true,"href":"http:\/\/archiv.szolnoktv.hu\/index.php?rest_route=\/wp\/v2\/users\/2"}],"replies":[{"embeddable":true,"href":"http:\/\/archiv.szolnoktv.hu\/index.php?rest_route=%2Fwp%2Fv2%2Fcomments&post=15652"}],"version-history":[{"count":1,"href":"http:\/\/archiv.szolnoktv.hu\/index.php?rest_route=\/wp\/v2\/posts\/15652\/revisions"}],"predecessor-version":[{"id":15727,"href":"http:\/\/archiv.szolnoktv.hu\/index.php?rest_route=\/wp\/v2\/posts\/15652\/revisions\/15727"}],"wp:attachment":[{"href":"http:\/\/archiv.szolnoktv.hu\/index.php?rest_route=%2Fwp%2Fv2%2Fmedia&parent=15652"}],"wp:term":[{"taxonomy":"category","embeddable":true,"href":"http:\/\/archiv.szolnoktv.hu\/index.php?rest_route=%2Fwp%2Fv2%2Fcategories&post=15652"},{"taxonomy":"post_tag","embeddable":true,"href":"http:\/\/archiv.szolnoktv.hu\/index.php?rest_route=%2Fwp%2Fv2%2Ftags&post=15652"}],"curies":[{"name":"wp","href":"https:\/\/api.w.org\/{rel}","templated":true}]}}