{"id":15651,"date":"2016-08-10T18:25:06","date_gmt":"2016-08-10T18:25:06","guid":{"rendered":"http:\/\/archiv.szolnoktv.hu\/?p=15651"},"modified":"2021-08-26T08:06:21","modified_gmt":"2021-08-26T08:06:21","slug":"felujitottak-a-zarkakat-a-szolnoki-bortonben","status":"publish","type":"post","link":"http:\/\/archiv.szolnoktv.hu\/?p=15651","title":{"rendered":"Fel\u00faj\u00edtott\u00e1k a z\u00e1rk\u00e1kat a szolnoki b\u00f6rt\u00f6nben"},"content":{"rendered":"<div class='booster-block booster-read-block'><\/div><p>A fogvatartottak bevon\u00e1s\u00e1val 25 z\u00e1rk\u00e1t \u00faj\u00edtottak fel a szolnoki b\u00f6rt\u00f6nben. Az eur\u00f3pai el\u0151\u00edr\u00e1soknak megfelel\u0151 : lev\u00e1lasztott mell\u00e9khelyis\u00e9get alak\u00edtottak ki. Maguk a fogvatartottak is dolgoztak, sokan b\u00fcntet\u00e9s\u00fcket t\u00f6ltve  ismert\u00e9k meg a munka fogalm\u00e1t.<\/p>\n<p>Egy 30 milli\u00f3 forintos beruh\u00e1z\u00e1ssal 25 cell\u00e1ban alak\u00edtottak ki fallal lev\u00e1lasztott mell\u00e9khelyis\u00e9get, de a villanyvezet\u00e9keket \u00e9s a  t\u00f6bb mint 50 \u00e9ves v\u00edzvezet\u00e9keket is kicser\u00e9lt\u00e9k.  A t\u00falzs\u00fafolts\u00e1g megsz\u00fcntet\u00e9s\u00e9re 9 \u00faj b\u00f6rt\u00f6n \u00e9p\u00fcl haz\u00e1nkban, f\u0151leg \u00c9szak \u00e9s \u00c9szakkelet Magyarorsz\u00e1gon, hogy a fogvatartottak kapcsolatot tarthassanak csal\u00e1dtagjaikkal.  Az egyik a JNSZ Megyei Kunmadarason. A beruh\u00e1z\u00e1sok 2500 \u00faj munkahelyet teremtenek majd.<br \/>\n<div style=\"width: 640px;\" class=\"wp-video\"><!--[if lt IE 9]><script>document.createElement('video');<\/script><![endif]-->\n<video class=\"wp-video-shortcode\" id=\"video-15651-1\" width=\"640\" height=\"360\" preload=\"metadata\" controls=\"controls\"><source type=\"video\/mp4\" src=\"\/spots\/hir\/hir_160810_02.mp4?_=1\" \/><a href=\"\/spots\/hir\/hir_160810_02.mp4\">\/spots\/hir\/hir_160810_02.mp4<\/a><\/video><\/div><\/p>\n","protected":false},"excerpt":{"rendered":"<p>A fogvatartottak bevon\u00e1s\u00e1val 25 z\u00e1rk\u00e1t \u00faj\u00edtottak fel a szolnoki b\u00f6rt\u00f6nben. Az eur\u00f3pai el\u0151\u00edr\u00e1soknak megfelel\u0151 : lev\u00e1lasztott mell\u00e9khelyis\u00e9get alak\u00edtottak ki. Maguk a fogvatartottak is dolgoztak, sokan b\u00fcntet\u00e9s\u00fcket t\u00f6ltve ismert\u00e9k meg a munka fogalm\u00e1t. Egy 30 milli\u00f3 forintos beruh\u00e1z\u00e1ssal 25 cell\u00e1ban alak\u00edtottak ki fallal lev\u00e1lasztott mell\u00e9khelyis\u00e9get, de a villanyvezet\u00e9keket \u00e9s a t\u00f6bb mint 50 \u00e9ves v\u00edzvezet\u00e9keket is [&hellip;]<\/p>\n","protected":false},"author":2,"featured_media":0,"comment_status":"closed","ping_status":"closed","sticky":false,"template":"","format":"standard","meta":[],"categories":[16],"tags":[],"_links":{"self":[{"href":"http:\/\/archiv.szolnoktv.hu\/index.php?rest_route=\/wp\/v2\/posts\/15651"}],"collection":[{"href":"http:\/\/archiv.szolnoktv.hu\/index.php?rest_route=\/wp\/v2\/posts"}],"about":[{"href":"http:\/\/archiv.szolnoktv.hu\/index.php?rest_route=\/wp\/v2\/types\/post"}],"author":[{"embeddable":true,"href":"http:\/\/archiv.szolnoktv.hu\/index.php?rest_route=\/wp\/v2\/users\/2"}],"replies":[{"embeddable":true,"href":"http:\/\/archiv.szolnoktv.hu\/index.php?rest_route=%2Fwp%2Fv2%2Fcomments&post=15651"}],"version-history":[{"count":1,"href":"http:\/\/archiv.szolnoktv.hu\/index.php?rest_route=\/wp\/v2\/posts\/15651\/revisions"}],"predecessor-version":[{"id":15728,"href":"http:\/\/archiv.szolnoktv.hu\/index.php?rest_route=\/wp\/v2\/posts\/15651\/revisions\/15728"}],"wp:attachment":[{"href":"http:\/\/archiv.szolnoktv.hu\/index.php?rest_route=%2Fwp%2Fv2%2Fmedia&parent=15651"}],"wp:term":[{"taxonomy":"category","embeddable":true,"href":"http:\/\/archiv.szolnoktv.hu\/index.php?rest_route=%2Fwp%2Fv2%2Fcategories&post=15651"},{"taxonomy":"post_tag","embeddable":true,"href":"http:\/\/archiv.szolnoktv.hu\/index.php?rest_route=%2Fwp%2Fv2%2Ftags&post=15651"}],"curies":[{"name":"wp","href":"https:\/\/api.w.org\/{rel}","templated":true}]}}