{"id":15650,"date":"2016-08-09T17:22:33","date_gmt":"2016-08-09T17:22:33","guid":{"rendered":"http:\/\/archiv.szolnoktv.hu\/?p=15650"},"modified":"2021-08-26T08:06:22","modified_gmt":"2021-08-26T08:06:22","slug":"14-lakotombot-szigetelnek-szolnokon-az-otthon-melege-prograban","status":"publish","type":"post","link":"http:\/\/archiv.szolnoktv.hu\/?p=15650","title":{"rendered":"14 lak\u00f3t\u00f6mb\u00f6t szigetelnek Szolnokon az  Otthon melege prograban"},"content":{"rendered":"<div class='booster-block booster-read-block'><\/div><p>A v\u00e1rosban 14 t\u00e1rsash\u00e1zon dolgoznak ezekben a hetekben is a szakemberek.  Az Otthon melege program seg\u00edts\u00e9g\u00e9vel ny\u00edl\u00e1sz\u00e1r\u00f3kat cser\u00e9lnek \u00e9s h\u0151szigetelik az \u00e9p\u00fcleteket. V\u00e1rhat\u00f3an a f\u0171t\u00e9si szezonra v\u00e9geznek. \u00cdgy a t\u00e9li g\u00e1zsz\u00e1mla m\u00e1r kevesebb lehet.  Ez 529 lak\u00e1st \u00e9rint  \u00e9s mintegy 640 milli\u00f3 Ft \u00e9rtr\u00e9kr\u0151l van sz\u00f3.<\/p>\n<p>A v\u00e1rosban 14 t\u00e1rsash\u00e1zon dolgoznak ezekben a hetekben is a szakemberek.  Az Otthon melege program seg\u00edts\u00e9g\u00e9vel ny\u00edl\u00e1sz\u00e1r\u00f3kat cser\u00e9lnek \u00e9s h\u0151szigetelik az \u00e9p\u00fcleteket. V\u00e1rhat\u00f3an a f\u0171t\u00e9si szezonra v\u00e9geznek. \u00cdgy a t\u00e9li g\u00e1zsz\u00e1mla m\u00e1r kevesebb lehet.  Ez 529 lak\u00e1st \u00e9rint  \u00e9s mintegy 640 milli\u00f3 Ft \u00e9rtr\u00e9kr\u0151l van sz\u00f3. <\/p>\n<p>A h\u0151szigetel\u00e9s \u00e1tlagosan ugyanis 50%-os energiamegtakar\u00edt\u00e1st eredm\u00e9nyez. 3 r\u00e9teg\u0171 ny\u00edl\u00e1sz\u00e1r\u00f3kat \u00e9p\u00edtenek be \u00e9s 15-16 centim\u00e9teres szigetel\u00e9ssel l\u00e1tj\u00e1k el a h\u00e1zakat. 45% az \u00e1llami t\u00e1mogat\u00e1s, a marad\u00e9k 55%- a lak\u00f3k\u00f6z\u00f6ss\u00e9gi \u00f6ner\u0151 vagy hitel. A tervek szerint a  f\u0171t\u00e9si szezonra  minden\u00fctt v\u00e9geznek.  <br \/> Az \u00edg\u00e9retek szerint pedig  folytat\u00f3dik a panelprogram, de m\u00e1s rendszerben, 90%os nem visszat\u00e9r\u00edtend\u0151 , hanem hitel jelleg\u0171 \u00e1llami t\u00e1mogat\u00e1ssal, ami mind\u00f6ssze 10%-os \u00f6ner\u0151t ig\u00e9nyel majd-t\u00e1j\u00e9koztatott a Szollak igazgat\u00f3helyettese. <br \/>\n<div style=\"width: 640px;\" class=\"wp-video\"><!--[if lt IE 9]><script>document.createElement('video');<\/script><![endif]-->\n<video class=\"wp-video-shortcode\" id=\"video-15650-1\" width=\"640\" height=\"360\" preload=\"metadata\" controls=\"controls\"><source type=\"video\/mp4\" src=\"\/spots\/hir\/hir_160809_05.mp4?_=1\" \/><a href=\"\/spots\/hir\/hir_160809_05.mp4\">\/spots\/hir\/hir_160809_05.mp4<\/a><\/video><\/div><\/p>\n","protected":false},"excerpt":{"rendered":"<p>A v\u00e1rosban 14 t\u00e1rsash\u00e1zon dolgoznak ezekben a hetekben is a szakemberek. Az Otthon melege program seg\u00edts\u00e9g\u00e9vel ny\u00edl\u00e1sz\u00e1r\u00f3kat cser\u00e9lnek \u00e9s h\u0151szigetelik az \u00e9p\u00fcleteket. V\u00e1rhat\u00f3an a f\u0171t\u00e9si szezonra v\u00e9geznek. \u00cdgy a t\u00e9li g\u00e1zsz\u00e1mla m\u00e1r kevesebb lehet. Ez 529 lak\u00e1st \u00e9rint \u00e9s mintegy 640 milli\u00f3 Ft \u00e9rtr\u00e9kr\u0151l van sz\u00f3. A v\u00e1rosban 14 t\u00e1rsash\u00e1zon dolgoznak ezekben a hetekben is [&hellip;]<\/p>\n","protected":false},"author":2,"featured_media":0,"comment_status":"closed","ping_status":"closed","sticky":false,"template":"","format":"standard","meta":[],"categories":[16],"tags":[],"_links":{"self":[{"href":"http:\/\/archiv.szolnoktv.hu\/index.php?rest_route=\/wp\/v2\/posts\/15650"}],"collection":[{"href":"http:\/\/archiv.szolnoktv.hu\/index.php?rest_route=\/wp\/v2\/posts"}],"about":[{"href":"http:\/\/archiv.szolnoktv.hu\/index.php?rest_route=\/wp\/v2\/types\/post"}],"author":[{"embeddable":true,"href":"http:\/\/archiv.szolnoktv.hu\/index.php?rest_route=\/wp\/v2\/users\/2"}],"replies":[{"embeddable":true,"href":"http:\/\/archiv.szolnoktv.hu\/index.php?rest_route=%2Fwp%2Fv2%2Fcomments&post=15650"}],"version-history":[{"count":1,"href":"http:\/\/archiv.szolnoktv.hu\/index.php?rest_route=\/wp\/v2\/posts\/15650\/revisions"}],"predecessor-version":[{"id":15729,"href":"http:\/\/archiv.szolnoktv.hu\/index.php?rest_route=\/wp\/v2\/posts\/15650\/revisions\/15729"}],"wp:attachment":[{"href":"http:\/\/archiv.szolnoktv.hu\/index.php?rest_route=%2Fwp%2Fv2%2Fmedia&parent=15650"}],"wp:term":[{"taxonomy":"category","embeddable":true,"href":"http:\/\/archiv.szolnoktv.hu\/index.php?rest_route=%2Fwp%2Fv2%2Fcategories&post=15650"},{"taxonomy":"post_tag","embeddable":true,"href":"http:\/\/archiv.szolnoktv.hu\/index.php?rest_route=%2Fwp%2Fv2%2Ftags&post=15650"}],"curies":[{"name":"wp","href":"https:\/\/api.w.org\/{rel}","templated":true}]}}