{"id":15649,"date":"2016-08-09T17:10:45","date_gmt":"2016-08-09T17:10:45","guid":{"rendered":"http:\/\/archiv.szolnoktv.hu\/?p=15649"},"modified":"2021-08-26T08:06:22","modified_gmt":"2021-08-26T08:06:22","slug":"mszp-sajttaj-szanto-koruti-parkolo","status":"publish","type":"post","link":"http:\/\/archiv.szolnoktv.hu\/?p=15649","title":{"rendered":"MSZP sajtt\u00e1j &#8211; Sz\u00e1nt\u00f3 k\u00f6r\u00fati parkol\u00f3"},"content":{"rendered":"<div class='booster-block booster-read-block'><\/div><p>\u00c9rtelmetlen parkol\u00f3\u00e9p\u00edt\u00e9sbe fog a v\u00e1ros, &#8211; mondta Gy\u00f6rfi Mih\u00e1ly mai sajt\u00f3t\u00e1j\u00e9koztat\u00f3j\u00e1n. Az MSZP Szolnoki V\u00e1laszt\u00f3ker\u00fcleti eln\u00f6ke azt mondta: a V\u00e1rkonyi t\u00e9ri 18 emeletes m\u00f6g\u00f6tt \u00fagy akarnak \u00f6sszek\u00f6t\u0151 utat \u00e9s 32 f\u00e9r\u0151helyes parkol\u00f3t \u00e9p\u00edteni, hogy szerinte sem hat\u00e1stanulm\u00e1nyt nem k\u00e9sz\u00edtettek, sem pedig a lak\u00f3k v\u00e9lem\u00e9ny\u00e9t nem k\u00e9rt\u00e9k ki.\u00a0<br \/>\n<br \/>\n<div style=\"width: 640px;\" class=\"wp-video\"><!--[if lt IE 9]><script>document.createElement('video');<\/script><![endif]-->\n<video class=\"wp-video-shortcode\" id=\"video-15649-1\" width=\"640\" height=\"360\" preload=\"metadata\" controls=\"controls\"><source type=\"video\/mp4\" src=\"\/spots\/hir\/hir_160809_04.mp4?_=1\" \/><a href=\"\/spots\/hir\/hir_160809_04.mp4\">\/spots\/hir\/hir_160809_04.mp4<\/a><\/video><\/div><\/p>\n","protected":false},"excerpt":{"rendered":"<p>\u00c9rtelmetlen parkol\u00f3\u00e9p\u00edt\u00e9sbe fog a v\u00e1ros, &#8211; mondta Gy\u00f6rfi Mih\u00e1ly mai sajt\u00f3t\u00e1j\u00e9koztat\u00f3j\u00e1n. Az MSZP Szolnoki V\u00e1laszt\u00f3ker\u00fcleti eln\u00f6ke azt mondta: a V\u00e1rkonyi t\u00e9ri 18 emeletes m\u00f6g\u00f6tt \u00fagy akarnak \u00f6sszek\u00f6t\u0151 utat \u00e9s 32 f\u00e9r\u0151helyes parkol\u00f3t \u00e9p\u00edteni, hogy szerinte sem hat\u00e1stanulm\u00e1nyt nem k\u00e9sz\u00edtettek, sem pedig a lak\u00f3k v\u00e9lem\u00e9ny\u00e9t nem k\u00e9rt\u00e9k ki.\u00a0<\/p>\n","protected":false},"author":2,"featured_media":0,"comment_status":"closed","ping_status":"closed","sticky":false,"template":"","format":"standard","meta":[],"categories":[16],"tags":[],"_links":{"self":[{"href":"http:\/\/archiv.szolnoktv.hu\/index.php?rest_route=\/wp\/v2\/posts\/15649"}],"collection":[{"href":"http:\/\/archiv.szolnoktv.hu\/index.php?rest_route=\/wp\/v2\/posts"}],"about":[{"href":"http:\/\/archiv.szolnoktv.hu\/index.php?rest_route=\/wp\/v2\/types\/post"}],"author":[{"embeddable":true,"href":"http:\/\/archiv.szolnoktv.hu\/index.php?rest_route=\/wp\/v2\/users\/2"}],"replies":[{"embeddable":true,"href":"http:\/\/archiv.szolnoktv.hu\/index.php?rest_route=%2Fwp%2Fv2%2Fcomments&post=15649"}],"version-history":[{"count":1,"href":"http:\/\/archiv.szolnoktv.hu\/index.php?rest_route=\/wp\/v2\/posts\/15649\/revisions"}],"predecessor-version":[{"id":15730,"href":"http:\/\/archiv.szolnoktv.hu\/index.php?rest_route=\/wp\/v2\/posts\/15649\/revisions\/15730"}],"wp:attachment":[{"href":"http:\/\/archiv.szolnoktv.hu\/index.php?rest_route=%2Fwp%2Fv2%2Fmedia&parent=15649"}],"wp:term":[{"taxonomy":"category","embeddable":true,"href":"http:\/\/archiv.szolnoktv.hu\/index.php?rest_route=%2Fwp%2Fv2%2Fcategories&post=15649"},{"taxonomy":"post_tag","embeddable":true,"href":"http:\/\/archiv.szolnoktv.hu\/index.php?rest_route=%2Fwp%2Fv2%2Ftags&post=15649"}],"curies":[{"name":"wp","href":"https:\/\/api.w.org\/{rel}","templated":true}]}}