{"id":15648,"date":"2016-08-09T17:08:32","date_gmt":"2016-08-09T17:08:32","guid":{"rendered":"http:\/\/archiv.szolnoktv.hu\/?p=15648"},"modified":"2021-08-26T08:06:22","modified_gmt":"2021-08-26T08:06:22","slug":"ket-eves-a-szolnoki-prevencios-iroda","status":"publish","type":"post","link":"http:\/\/archiv.szolnoktv.hu\/?p=15648","title":{"rendered":"K\u00e9t \u00e9ves a szolnoki prevenci\u00f3s iroda"},"content":{"rendered":"<div class='booster-block booster-read-block'><\/div><p>K\u00e9t \u00e9ve nyitotta meg kapuit Szolnokon a megyei rend\u0151r-f\u0151kapit\u00e1nys\u00e1g prevenci\u00f3s irod\u00e1ja, amelynek els\u0151sorban az a c\u00e9lja, hogy az \u00e1ldozatt\u00e1 v\u00e1l\u00e1st megel\u0151zze. T\u00f6bbek k\u00f6z\u00f6tt a tr\u00fckk\u00f6s lop\u00e1sok elker\u00fcl\u00e9s\u00e9ben \u00e9s otthonaink v\u00e9delm\u00e9ben kaphatnak tan\u00e1csot az \u00e9rdekl\u0151d\u0151k.<\/p>\n<p>K\u00e9t \u00e9ve nyitotta meg kapuit Szolnokon a megyei rend\u0151r-f\u0151kapit\u00e1nys\u00e1g prevenci\u00f3s irod\u00e1ja, amelynek els\u0151sorban az a c\u00e9lja, hogy az \u00e1ldozatt\u00e1 v\u00e1l\u00e1st megel\u0151zze. T\u00f6bbek k\u00f6z\u00f6tt a tr\u00fckk\u00f6s lop\u00e1sok elker\u00fcl\u00e9s\u00e9ben \u00e9s otthonaink v\u00e9delm\u00e9ben kaphatnak tan\u00e1csot az \u00e9rdekl\u0151d\u0151k. A projekt elind\u00edt\u00e1sakor a rend\u0151rs\u00e9g munkat\u00e1rsai arra helyezt\u00e9k a hangs\u00falyt, hogy min\u00e9l t\u00f6bb t\u00e9ren tudjanak seg\u00edteni, ez\u00e9rt az iroda kett\u0151s funkci\u00f3t l\u00e1t el: a megel\u0151z\u00e9sben \u00e9s az \u00e1ldozatoknak is nagy seg\u00edts\u00e9get ny\u00fajt. Az eg\u00e9szen egyszer\u0171 k\u00e9rd\u00e9sekt\u0151l a legbonyolultabbakig mindenre k\u00edn\u00e1lnak megold\u00e1st, legyen sz\u00f3 \u00fatbaigaz\u00edt\u00e1sr\u00f3l, vagy az \u00e1ldozatt\u00e1 v\u00e1l\u00e1s megel\u0151z\u00e9s\u00e9r\u0151l. Az el\u0151z\u0151 \u00e9vek tapasztalatai azt mutatj\u00e1k, hogy az emberek egyre b\u00e1trabban fordulnak az irod\u00e1n kereszt\u00fcl a hat\u00f3s\u00e1gokhoz \u00e9s veszik ig\u00e9nybe ak\u00e1r ment\u00e1lhigi\u00e9n\u00e9s szakember, vagy pszichol\u00f3gus seg\u00edts\u00e9g\u00e9t is. Az iroda h\u00e9tf\u0151t\u0151l p\u00e9ntekig 10-t\u0151l 18 \u00f3r\u00e1ig, illetve szombaton 10 \u00e9s 14 \u00f3ra k\u00f6z\u00f6tt v\u00e1rja \u00fcgyfeleit az Aba-Nov\u00e1k Ag\u00f3ra Kultur\u00e1lis k\u00f6zpontban.<br \/>\n<div style=\"width: 640px;\" class=\"wp-video\"><!--[if lt IE 9]><script>document.createElement('video');<\/script><![endif]-->\n<video class=\"wp-video-shortcode\" id=\"video-15648-1\" width=\"640\" height=\"360\" preload=\"metadata\" controls=\"controls\"><source type=\"video\/mp4\" src=\"\/spots\/hir\/hir_160809_03.mp4?_=1\" \/><a href=\"\/spots\/hir\/hir_160809_03.mp4\">\/spots\/hir\/hir_160809_03.mp4<\/a><\/video><\/div><\/p>\n","protected":false},"excerpt":{"rendered":"<p>K\u00e9t \u00e9ve nyitotta meg kapuit Szolnokon a megyei rend\u0151r-f\u0151kapit\u00e1nys\u00e1g prevenci\u00f3s irod\u00e1ja, amelynek els\u0151sorban az a c\u00e9lja, hogy az \u00e1ldozatt\u00e1 v\u00e1l\u00e1st megel\u0151zze. T\u00f6bbek k\u00f6z\u00f6tt a tr\u00fckk\u00f6s lop\u00e1sok elker\u00fcl\u00e9s\u00e9ben \u00e9s otthonaink v\u00e9delm\u00e9ben kaphatnak tan\u00e1csot az \u00e9rdekl\u0151d\u0151k. K\u00e9t \u00e9ve nyitotta meg kapuit Szolnokon a megyei rend\u0151r-f\u0151kapit\u00e1nys\u00e1g prevenci\u00f3s irod\u00e1ja, amelynek els\u0151sorban az a c\u00e9lja, hogy az \u00e1ldozatt\u00e1 v\u00e1l\u00e1st megel\u0151zze. [&hellip;]<\/p>\n","protected":false},"author":2,"featured_media":0,"comment_status":"closed","ping_status":"closed","sticky":false,"template":"","format":"standard","meta":[],"categories":[16],"tags":[],"_links":{"self":[{"href":"http:\/\/archiv.szolnoktv.hu\/index.php?rest_route=\/wp\/v2\/posts\/15648"}],"collection":[{"href":"http:\/\/archiv.szolnoktv.hu\/index.php?rest_route=\/wp\/v2\/posts"}],"about":[{"href":"http:\/\/archiv.szolnoktv.hu\/index.php?rest_route=\/wp\/v2\/types\/post"}],"author":[{"embeddable":true,"href":"http:\/\/archiv.szolnoktv.hu\/index.php?rest_route=\/wp\/v2\/users\/2"}],"replies":[{"embeddable":true,"href":"http:\/\/archiv.szolnoktv.hu\/index.php?rest_route=%2Fwp%2Fv2%2Fcomments&post=15648"}],"version-history":[{"count":1,"href":"http:\/\/archiv.szolnoktv.hu\/index.php?rest_route=\/wp\/v2\/posts\/15648\/revisions"}],"predecessor-version":[{"id":15731,"href":"http:\/\/archiv.szolnoktv.hu\/index.php?rest_route=\/wp\/v2\/posts\/15648\/revisions\/15731"}],"wp:attachment":[{"href":"http:\/\/archiv.szolnoktv.hu\/index.php?rest_route=%2Fwp%2Fv2%2Fmedia&parent=15648"}],"wp:term":[{"taxonomy":"category","embeddable":true,"href":"http:\/\/archiv.szolnoktv.hu\/index.php?rest_route=%2Fwp%2Fv2%2Fcategories&post=15648"},{"taxonomy":"post_tag","embeddable":true,"href":"http:\/\/archiv.szolnoktv.hu\/index.php?rest_route=%2Fwp%2Fv2%2Ftags&post=15648"}],"curies":[{"name":"wp","href":"https:\/\/api.w.org\/{rel}","templated":true}]}}