{"id":15647,"date":"2016-08-09T15:57:15","date_gmt":"2016-08-09T15:57:15","guid":{"rendered":"http:\/\/archiv.szolnoktv.hu\/?p=15647"},"modified":"2021-08-26T08:06:22","modified_gmt":"2021-08-26T08:06:22","slug":"elmenyeket-festettek-a-szajoli-kerekparos-aluljaro-falara","status":"publish","type":"post","link":"http:\/\/archiv.szolnoktv.hu\/?p=15647","title":{"rendered":"\u00c9lm\u00e9nyeket festettek a szajoli ker\u00e9kp\u00e1ros alulj\u00e1r\u00f3 fal\u00e1ra"},"content":{"rendered":"<div class='booster-block booster-read-block'><\/div><p>Ny\u00e1ri \u00e9lm\u00e9nyeiket \u00f6r\u00f6k\u00edtik meg a szajoli ker\u00e9kp\u00e1ros alulj\u00e1r\u00f3 fal\u00e1n \u00e1ltal\u00e1nos iskol\u00e1s gyerekek. A di\u00e1kok t\u00f6bb t\u00e1borban j\u00e1rtak ebben az \u00e9vben, amelyek legjellemz\u0151bb \u00e9s legmaradand\u00f3bb pillanatait festett\u00e9k meg ecsettel, hengerrel \u00e9s spr\u00e9vel a mai napon.<\/p>\n<p>K\u00e9t \u00e9ves hagyom\u00e1ny folytat\u00f3dott ma d\u00e9lel\u0151tt Szajolban. A v\u00e1roson \u00e1thalad\u00f3 4-es \u00fat alatti ker\u00e9kp\u00e1ros alulj\u00e1r\u00f3 fal\u00e1ra festett\u00e9k fel \u00e1ltal\u00e1nos iskol\u00e1s gyerekek a telep\u00fcl\u00e9s ny\u00e1ri t\u00e1boraiban szerzett eml\u00e9keit. A programban mintegy 50 di\u00e1k vett r\u00e9szt.<br \/>\n<div style=\"width: 640px;\" class=\"wp-video\"><!--[if lt IE 9]><script>document.createElement('video');<\/script><![endif]-->\n<video class=\"wp-video-shortcode\" id=\"video-15647-1\" width=\"640\" height=\"360\" preload=\"metadata\" controls=\"controls\"><source type=\"video\/mp4\" src=\"\/spots\/hir\/hir_160809_02.mp4?_=1\" \/><a href=\"\/spots\/hir\/hir_160809_02.mp4\">\/spots\/hir\/hir_160809_02.mp4<\/a><\/video><\/div><\/p>\n","protected":false},"excerpt":{"rendered":"<p>Ny\u00e1ri \u00e9lm\u00e9nyeiket \u00f6r\u00f6k\u00edtik meg a szajoli ker\u00e9kp\u00e1ros alulj\u00e1r\u00f3 fal\u00e1n \u00e1ltal\u00e1nos iskol\u00e1s gyerekek. A di\u00e1kok t\u00f6bb t\u00e1borban j\u00e1rtak ebben az \u00e9vben, amelyek legjellemz\u0151bb \u00e9s legmaradand\u00f3bb pillanatait festett\u00e9k meg ecsettel, hengerrel \u00e9s spr\u00e9vel a mai napon. K\u00e9t \u00e9ves hagyom\u00e1ny folytat\u00f3dott ma d\u00e9lel\u0151tt Szajolban. A v\u00e1roson \u00e1thalad\u00f3 4-es \u00fat alatti ker\u00e9kp\u00e1ros alulj\u00e1r\u00f3 fal\u00e1ra festett\u00e9k fel \u00e1ltal\u00e1nos iskol\u00e1s gyerekek [&hellip;]<\/p>\n","protected":false},"author":2,"featured_media":0,"comment_status":"closed","ping_status":"closed","sticky":false,"template":"","format":"standard","meta":[],"categories":[16],"tags":[],"_links":{"self":[{"href":"http:\/\/archiv.szolnoktv.hu\/index.php?rest_route=\/wp\/v2\/posts\/15647"}],"collection":[{"href":"http:\/\/archiv.szolnoktv.hu\/index.php?rest_route=\/wp\/v2\/posts"}],"about":[{"href":"http:\/\/archiv.szolnoktv.hu\/index.php?rest_route=\/wp\/v2\/types\/post"}],"author":[{"embeddable":true,"href":"http:\/\/archiv.szolnoktv.hu\/index.php?rest_route=\/wp\/v2\/users\/2"}],"replies":[{"embeddable":true,"href":"http:\/\/archiv.szolnoktv.hu\/index.php?rest_route=%2Fwp%2Fv2%2Fcomments&post=15647"}],"version-history":[{"count":1,"href":"http:\/\/archiv.szolnoktv.hu\/index.php?rest_route=\/wp\/v2\/posts\/15647\/revisions"}],"predecessor-version":[{"id":15732,"href":"http:\/\/archiv.szolnoktv.hu\/index.php?rest_route=\/wp\/v2\/posts\/15647\/revisions\/15732"}],"wp:attachment":[{"href":"http:\/\/archiv.szolnoktv.hu\/index.php?rest_route=%2Fwp%2Fv2%2Fmedia&parent=15647"}],"wp:term":[{"taxonomy":"category","embeddable":true,"href":"http:\/\/archiv.szolnoktv.hu\/index.php?rest_route=%2Fwp%2Fv2%2Fcategories&post=15647"},{"taxonomy":"post_tag","embeddable":true,"href":"http:\/\/archiv.szolnoktv.hu\/index.php?rest_route=%2Fwp%2Fv2%2Ftags&post=15647"}],"curies":[{"name":"wp","href":"https:\/\/api.w.org\/{rel}","templated":true}]}}