{"id":15646,"date":"2016-08-09T15:49:32","date_gmt":"2016-08-09T15:49:32","guid":{"rendered":"http:\/\/archiv.szolnoktv.hu\/?p=15646"},"modified":"2021-08-26T08:06:22","modified_gmt":"2021-08-26T08:06:22","slug":"konyv-keszul-a-tabani-tajhazrol","status":"publish","type":"post","link":"http:\/\/archiv.szolnoktv.hu\/?p=15646","title":{"rendered":"K\u00f6nyv k\u00e9sz\u00fcl a Tab\u00e1ni T\u00e1jh\u00e1zr\u00f3l"},"content":{"rendered":"<div class='booster-block booster-read-block'><\/div><p>\u00dajabb inform\u00e1ci\u00f3s f\u00fczettel gazdagodhat a Damjanich J\u00e1nos M\u00fazeum. A N\u00edv\u00f3-d\u00edjas m\u00fazeumpedag\u00f3giai k\u00f6tettel is rendelkez\u0151 int\u00e9zm\u00e9ny a Gal\u00e9ri\u00e1r\u00f3l sz\u00f3l\u00f3 k\u00f6tet ut\u00e1n a Tab\u00e1ni T\u00e1jh\u00e1zr\u00f3l is kiadna egy f\u00fczetet.<\/p>\n<p>\u00dajabb inform\u00e1ci\u00f3s f\u00fczettel gazdagodhat a Damjanich J\u00e1nos M\u00fazeum. A N\u00edv\u00f3-d\u00edjas m\u00fazeumpedag\u00f3giai k\u00f6tettel is rendelkez\u0151 int\u00e9zm\u00e9ny a Gal\u00e9ri\u00e1r\u00f3l sz\u00f3l\u00f3 k\u00f6tet ut\u00e1n a Tab\u00e1ni T\u00e1jh\u00e1zr\u00f3l is kiadna gy f\u00fczetet.<\/p>\n<p>Az \u00faj k\u00f6tetben a traf\u00f3h\u00e1z m\u00e1rt mint \u00faj ki\u00e1ll\u00edt\u00f3hely szerepelhet. Hiszen a tervek szerint b\u0151v\u00fcl a ki\u00e1ll\u00edt\u00f3t\u00e9r. A c\u00e9l, hogy a k\u00f6tet seg\u00edts\u00e9g\u00e9vel is megismerhess\u00e9k az \u00e9rdekl\u0151d\u0151k a Tab\u00e1ni T\u00e1jh\u00e1zat.<br \/>\n<div style=\"width: 640px;\" class=\"wp-video\"><!--[if lt IE 9]><script>document.createElement('video');<\/script><![endif]-->\n<video class=\"wp-video-shortcode\" id=\"video-15646-1\" width=\"640\" height=\"360\" preload=\"metadata\" controls=\"controls\"><source type=\"video\/mp4\" src=\"\/spots\/hir\/hir_160808_02.mp4?_=1\" \/><a href=\"\/spots\/hir\/hir_160808_02.mp4\">\/spots\/hir\/hir_160808_02.mp4<\/a><\/video><\/div><\/p>\n","protected":false},"excerpt":{"rendered":"<p>\u00dajabb inform\u00e1ci\u00f3s f\u00fczettel gazdagodhat a Damjanich J\u00e1nos M\u00fazeum. A N\u00edv\u00f3-d\u00edjas m\u00fazeumpedag\u00f3giai k\u00f6tettel is rendelkez\u0151 int\u00e9zm\u00e9ny a Gal\u00e9ri\u00e1r\u00f3l sz\u00f3l\u00f3 k\u00f6tet ut\u00e1n a Tab\u00e1ni T\u00e1jh\u00e1zr\u00f3l is kiadna egy f\u00fczetet. \u00dajabb inform\u00e1ci\u00f3s f\u00fczettel gazdagodhat a Damjanich J\u00e1nos M\u00fazeum. A N\u00edv\u00f3-d\u00edjas m\u00fazeumpedag\u00f3giai k\u00f6tettel is rendelkez\u0151 int\u00e9zm\u00e9ny a Gal\u00e9ri\u00e1r\u00f3l sz\u00f3l\u00f3 k\u00f6tet ut\u00e1n a Tab\u00e1ni T\u00e1jh\u00e1zr\u00f3l is kiadna gy f\u00fczetet. Az [&hellip;]<\/p>\n","protected":false},"author":2,"featured_media":0,"comment_status":"closed","ping_status":"closed","sticky":false,"template":"","format":"standard","meta":[],"categories":[16],"tags":[],"_links":{"self":[{"href":"http:\/\/archiv.szolnoktv.hu\/index.php?rest_route=\/wp\/v2\/posts\/15646"}],"collection":[{"href":"http:\/\/archiv.szolnoktv.hu\/index.php?rest_route=\/wp\/v2\/posts"}],"about":[{"href":"http:\/\/archiv.szolnoktv.hu\/index.php?rest_route=\/wp\/v2\/types\/post"}],"author":[{"embeddable":true,"href":"http:\/\/archiv.szolnoktv.hu\/index.php?rest_route=\/wp\/v2\/users\/2"}],"replies":[{"embeddable":true,"href":"http:\/\/archiv.szolnoktv.hu\/index.php?rest_route=%2Fwp%2Fv2%2Fcomments&post=15646"}],"version-history":[{"count":1,"href":"http:\/\/archiv.szolnoktv.hu\/index.php?rest_route=\/wp\/v2\/posts\/15646\/revisions"}],"predecessor-version":[{"id":15733,"href":"http:\/\/archiv.szolnoktv.hu\/index.php?rest_route=\/wp\/v2\/posts\/15646\/revisions\/15733"}],"wp:attachment":[{"href":"http:\/\/archiv.szolnoktv.hu\/index.php?rest_route=%2Fwp%2Fv2%2Fmedia&parent=15646"}],"wp:term":[{"taxonomy":"category","embeddable":true,"href":"http:\/\/archiv.szolnoktv.hu\/index.php?rest_route=%2Fwp%2Fv2%2Fcategories&post=15646"},{"taxonomy":"post_tag","embeddable":true,"href":"http:\/\/archiv.szolnoktv.hu\/index.php?rest_route=%2Fwp%2Fv2%2Ftags&post=15646"}],"curies":[{"name":"wp","href":"https:\/\/api.w.org\/{rel}","templated":true}]}}