{"id":15645,"date":"2016-08-08T17:03:12","date_gmt":"2016-08-08T17:03:12","guid":{"rendered":"http:\/\/archiv.szolnoktv.hu\/?p=15645"},"modified":"2021-08-26T08:06:22","modified_gmt":"2021-08-26T08:06:22","slug":"i-eletado-csaladi-fesztival","status":"publish","type":"post","link":"http:\/\/archiv.szolnoktv.hu\/?p=15645","title":{"rendered":"I. \u00c9letad\u00f3 Csal\u00e1di Fesztiv\u00e1l"},"content":{"rendered":"<div class='booster-block booster-read-block'><\/div><p>Az augusztus elsejei szoptat\u00e1s vil\u00e1gnapj\u00e1hoz kapcsol\u00f3dva szerveztek csal\u00e1di napot a Sz\u00e9chenyi lak\u00f3telepen. A Z\u00f6ld h\u00e1z el\u0151tt sz\u00ednes programok \u00e9s el\u0151ad\u00e1sok v\u00e1rt\u00e1k az \u00e9rdekl\u0151d\u0151ket.<\/p>\n<p>Els\u0151  alkalommal szervezt\u00e9k meg az \u00c9letad\u00f3 Csal\u00e1di Fesztiv\u00e1lt a Sz\u00e9chenyi lak\u00f3telepen. A szoptat\u00e1s vil\u00e1gnapj\u00e1hoz kapcsol\u00f3d\u00f3 esem\u00e9nyen s\u00e9t\u00e1t szerveztek a Gyermekv\u00e1ros el\u0151l indulva. A r\u00e9sztvev\u0151k lufikkal a kez\u00fckben, babakocsit tolva tett\u00e9k meg utat a Z\u00f6ld H\u00e1zig ,ezzel h\u00edvt\u00e1k fel a figyelmet az anyatejes t\u00e1pl\u00e1l\u00e1s fontoss\u00e1g\u00e1ra. 25092- 4: 38 Az esem\u00e9ny megnyit\u00f3j\u00e1ban sz\u00f3 esett a szoptat\u00e1s immunrendszerre gyakorolt hat\u00e1s\u00e1r\u00f3l, de szakmai, ismeretterjeszt\u0151 el\u0151ad\u00e1sokat is hallhattak az \u00e9rdekl\u0151d\u0151k az egy\u00fctt alv\u00e1sr\u00f3l, a babahordoz\u00e1sr\u00f3l valamint a baba papa kapcsolatr\u00f3l is. A csal\u00e1di fesztiv\u00e1lon arcfest\u00e9s, ugr\u00e1l\u00f3v\u00e1r \u00e9s massz\u00e1zs v\u00e1rta a bab\u00e1kat \u00e9s a mam\u00e1kat.<br \/>\n<div style=\"width: 640px;\" class=\"wp-video\"><!--[if lt IE 9]><script>document.createElement('video');<\/script><![endif]-->\n<video class=\"wp-video-shortcode\" id=\"video-15645-1\" width=\"640\" height=\"360\" preload=\"metadata\" controls=\"controls\"><source type=\"video\/mp4\" src=\"\/spots\/hir\/hir_160808_07.mp4?_=1\" \/><a href=\"\/spots\/hir\/hir_160808_07.mp4\">\/spots\/hir\/hir_160808_07.mp4<\/a><\/video><\/div><\/p>\n","protected":false},"excerpt":{"rendered":"<p>Az augusztus elsejei szoptat\u00e1s vil\u00e1gnapj\u00e1hoz kapcsol\u00f3dva szerveztek csal\u00e1di napot a Sz\u00e9chenyi lak\u00f3telepen. A Z\u00f6ld h\u00e1z el\u0151tt sz\u00ednes programok \u00e9s el\u0151ad\u00e1sok v\u00e1rt\u00e1k az \u00e9rdekl\u0151d\u0151ket. Els\u0151 alkalommal szervezt\u00e9k meg az \u00c9letad\u00f3 Csal\u00e1di Fesztiv\u00e1lt a Sz\u00e9chenyi lak\u00f3telepen. A szoptat\u00e1s vil\u00e1gnapj\u00e1hoz kapcsol\u00f3d\u00f3 esem\u00e9nyen s\u00e9t\u00e1t szerveztek a Gyermekv\u00e1ros el\u0151l indulva. A r\u00e9sztvev\u0151k lufikkal a kez\u00fckben, babakocsit tolva tett\u00e9k meg utat [&hellip;]<\/p>\n","protected":false},"author":2,"featured_media":0,"comment_status":"closed","ping_status":"closed","sticky":false,"template":"","format":"standard","meta":[],"categories":[16],"tags":[],"_links":{"self":[{"href":"http:\/\/archiv.szolnoktv.hu\/index.php?rest_route=\/wp\/v2\/posts\/15645"}],"collection":[{"href":"http:\/\/archiv.szolnoktv.hu\/index.php?rest_route=\/wp\/v2\/posts"}],"about":[{"href":"http:\/\/archiv.szolnoktv.hu\/index.php?rest_route=\/wp\/v2\/types\/post"}],"author":[{"embeddable":true,"href":"http:\/\/archiv.szolnoktv.hu\/index.php?rest_route=\/wp\/v2\/users\/2"}],"replies":[{"embeddable":true,"href":"http:\/\/archiv.szolnoktv.hu\/index.php?rest_route=%2Fwp%2Fv2%2Fcomments&post=15645"}],"version-history":[{"count":1,"href":"http:\/\/archiv.szolnoktv.hu\/index.php?rest_route=\/wp\/v2\/posts\/15645\/revisions"}],"predecessor-version":[{"id":15734,"href":"http:\/\/archiv.szolnoktv.hu\/index.php?rest_route=\/wp\/v2\/posts\/15645\/revisions\/15734"}],"wp:attachment":[{"href":"http:\/\/archiv.szolnoktv.hu\/index.php?rest_route=%2Fwp%2Fv2%2Fmedia&parent=15645"}],"wp:term":[{"taxonomy":"category","embeddable":true,"href":"http:\/\/archiv.szolnoktv.hu\/index.php?rest_route=%2Fwp%2Fv2%2Fcategories&post=15645"},{"taxonomy":"post_tag","embeddable":true,"href":"http:\/\/archiv.szolnoktv.hu\/index.php?rest_route=%2Fwp%2Fv2%2Ftags&post=15645"}],"curies":[{"name":"wp","href":"https:\/\/api.w.org\/{rel}","templated":true}]}}