{"id":15644,"date":"2016-08-08T17:00:41","date_gmt":"2016-08-08T17:00:41","guid":{"rendered":"http:\/\/archiv.szolnoktv.hu\/?p=15644"},"modified":"2021-08-26T08:06:23","modified_gmt":"2021-08-26T08:06:23","slug":"sef-randevu-2","status":"publish","type":"post","link":"http:\/\/archiv.szolnoktv.hu\/?p=15644","title":{"rendered":"S\u00e9f Randev\u00fa"},"content":{"rendered":"<div class='booster-block booster-read-block'><\/div><p>K\u00e9t napos gasztro-piknik v\u00e1rta az \u00e9rdekl\u0151d\u0151ket p\u00e9nteken \u00e9s szombaton a Hild t\u00e9ren. A S\u00e9f Randev\u00fan  15 -f\u00e9le \u00e9telt k\u00f3stolhatott a k\u00f6z\u00f6ns\u00e9g.<\/p>\n<p>K\u00e9t napos gasztro-piknik v\u00e1rta az \u00e9rdekl\u0151d\u0151ket p\u00e9nteken \u00e9s szombaton a Hild t\u00e9ren. A S\u00e9f Randev\u00fan  15 -f\u00e9le \u00e9telt k\u00f3stolhatott a k\u00f6z\u00f6ns\u00e9g. <\/p>\n<p>Kiv\u00e1l\u00f3 hangulat, koncertek, gyermekj\u00e1tsz\u00f3k,  \u00ednycsikland\u00f3 \u00e9telek \u00e9s f\u0151z\u0151show v\u00e1rta a S\u00e9f Randev\u00fa k\u00f6z\u00f6ns\u00e9g\u00e9t p\u00e9nteken \u00e9s szombaton. Az ANAKK szervez\u0151i igyekeztek minden ig\u00e9nynek megfelelni. A vacsora ut\u00e1n f\u0151z\u0151 -show-t is l\u00e1thattak, igazi k\u00f6nnyed ny\u00e1ri \u00edzekkel \u00e9s fantasztikus illatokkal.<br \/>\n<div style=\"width: 640px;\" class=\"wp-video\"><!--[if lt IE 9]><script>document.createElement('video');<\/script><![endif]-->\n<video class=\"wp-video-shortcode\" id=\"video-15644-1\" width=\"640\" height=\"360\" preload=\"metadata\" controls=\"controls\"><source type=\"video\/mp4\" src=\"\/spots\/hir\/hir_160808_06.mp4?_=1\" \/><a href=\"\/spots\/hir\/hir_160808_06.mp4\">\/spots\/hir\/hir_160808_06.mp4<\/a><\/video><\/div><\/p>\n","protected":false},"excerpt":{"rendered":"<p>K\u00e9t napos gasztro-piknik v\u00e1rta az \u00e9rdekl\u0151d\u0151ket p\u00e9nteken \u00e9s szombaton a Hild t\u00e9ren. A S\u00e9f Randev\u00fan 15 -f\u00e9le \u00e9telt k\u00f3stolhatott a k\u00f6z\u00f6ns\u00e9g. K\u00e9t napos gasztro-piknik v\u00e1rta az \u00e9rdekl\u0151d\u0151ket p\u00e9nteken \u00e9s szombaton a Hild t\u00e9ren. A S\u00e9f Randev\u00fan 15 -f\u00e9le \u00e9telt k\u00f3stolhatott a k\u00f6z\u00f6ns\u00e9g. Kiv\u00e1l\u00f3 hangulat, koncertek, gyermekj\u00e1tsz\u00f3k, \u00ednycsikland\u00f3 \u00e9telek \u00e9s f\u0151z\u0151show v\u00e1rta a S\u00e9f Randev\u00fa k\u00f6z\u00f6ns\u00e9g\u00e9t [&hellip;]<\/p>\n","protected":false},"author":2,"featured_media":0,"comment_status":"closed","ping_status":"closed","sticky":false,"template":"","format":"standard","meta":[],"categories":[16],"tags":[],"_links":{"self":[{"href":"http:\/\/archiv.szolnoktv.hu\/index.php?rest_route=\/wp\/v2\/posts\/15644"}],"collection":[{"href":"http:\/\/archiv.szolnoktv.hu\/index.php?rest_route=\/wp\/v2\/posts"}],"about":[{"href":"http:\/\/archiv.szolnoktv.hu\/index.php?rest_route=\/wp\/v2\/types\/post"}],"author":[{"embeddable":true,"href":"http:\/\/archiv.szolnoktv.hu\/index.php?rest_route=\/wp\/v2\/users\/2"}],"replies":[{"embeddable":true,"href":"http:\/\/archiv.szolnoktv.hu\/index.php?rest_route=%2Fwp%2Fv2%2Fcomments&post=15644"}],"version-history":[{"count":1,"href":"http:\/\/archiv.szolnoktv.hu\/index.php?rest_route=\/wp\/v2\/posts\/15644\/revisions"}],"predecessor-version":[{"id":15735,"href":"http:\/\/archiv.szolnoktv.hu\/index.php?rest_route=\/wp\/v2\/posts\/15644\/revisions\/15735"}],"wp:attachment":[{"href":"http:\/\/archiv.szolnoktv.hu\/index.php?rest_route=%2Fwp%2Fv2%2Fmedia&parent=15644"}],"wp:term":[{"taxonomy":"category","embeddable":true,"href":"http:\/\/archiv.szolnoktv.hu\/index.php?rest_route=%2Fwp%2Fv2%2Fcategories&post=15644"},{"taxonomy":"post_tag","embeddable":true,"href":"http:\/\/archiv.szolnoktv.hu\/index.php?rest_route=%2Fwp%2Fv2%2Ftags&post=15644"}],"curies":[{"name":"wp","href":"https:\/\/api.w.org\/{rel}","templated":true}]}}