{"id":15643,"date":"2016-08-08T16:55:49","date_gmt":"2016-08-08T16:55:49","guid":{"rendered":"http:\/\/archiv.szolnoktv.hu\/?p=15643"},"modified":"2021-08-26T08:06:23","modified_gmt":"2021-08-26T08:06:23","slug":"xxix-nemzetkozi-mezvasart-es-mehesztalalkozo","status":"publish","type":"post","link":"http:\/\/archiv.szolnoktv.hu\/?p=15643","title":{"rendered":"XXIX. Nemzetk\u00f6zi M\u00e9zv\u00e1s\u00e1rt \u00e9s M\u00e9h\u00e9sztal\u00e1lkoz\u00f3"},"content":{"rendered":"<div class='booster-block booster-read-block'><\/div><p>29. alkalommal rendeztek nemzetk\u00f6zi m\u00e9zv\u00e1s\u00e1rt \u00e9s m\u00e9h\u00e9sztal\u00e1lkoz\u00f3t J\u00e1szber\u00e9nyben. A m\u00e9h\u00e9szeti term\u00e9kek \u00e9s a m\u00e9zk\u00fcl\u00f6nlegess\u00e9gek v\u00e1s\u00e1ra mellett \u00e9l\u0151 m\u00e9hkapt\u00e1rat is l\u00e1thatott a k\u00f6z\u00f6ns\u00e9g. <\/p>\n<p>29. alkalommal rendeztek nemzetk\u00f6zi m\u00e9zv\u00e1s\u00e1rt \u00e9s m\u00e9h\u00e9sztal\u00e1lkoz\u00f3t J\u00e1szber\u00e9nyben. A m\u00e9h\u00e9szeti term\u00e9kek \u00e9s a m\u00e9zk\u00fcl\u00f6nlegess\u00e9gek v\u00e1s\u00e1ra mellett \u00e9l\u0151 m\u00e9hkapt\u00e1rat is l\u00e1thatott a k\u00f6z\u00f6ns\u00e9g.<\/p>\n<p>Magyarorsz\u00e1g legnagyobb m\u00e9h\u00e9szeti rendezv\u00e9ny\u00e9nek adott otthont szombaton J\u00e1szber\u00e9ny. Itt  tal\u00e1lkozhatnak termel\u0151k, fogyaszt\u00f3k \u00e9s keresked\u0151k. A m\u00e9z \u00e9s m\u00e9h\u00e9szeti term\u00e9kek bemutat\u00e1s\u00e1n,  k\u00f3stoltat\u00e1s\u00e1n \u00e9s \u00e1rus\u00edt\u00e1s\u00e1n t\u00fal  szakmai \u00e9s ismeretterjeszt\u0151 el\u0151ad\u00e1sok is v\u00e1rt\u00e1k a k\u00f6z\u00f6ns\u00e9get. Befejez\u0151d\u00f6tt a termel\u00e9si id\u00e9ny, most vonnak m\u00e9rleget a m\u00e9h\u00e9szek. A tavaszi sz\u00e9ls\u0151s\u00e9ges id\u0151j\u00e1r\u00e1s \u00e9s a fagy \u00e9rezteti hat\u00e1s\u00e1t. Ennek ellen\u00e9re a m\u00e9h\u00e9szek bizakod\u00f3ak, mert augusztust\u00f3l indul az \u00fajabb ciklus, melyben b\u0151v\u00fcl a forr\u00e1skeret : 36 milli\u00f3 eur\u00f3ra n\u0151, ami az eur\u00f3pai m\u00e9h\u00e9szszakm\u00e1ra is kedvez\u0151 hat\u00e1ssal lesz. <br \/>\n<div style=\"width: 640px;\" class=\"wp-video\"><!--[if lt IE 9]><script>document.createElement('video');<\/script><![endif]-->\n<video class=\"wp-video-shortcode\" id=\"video-15643-1\" width=\"640\" height=\"360\" preload=\"metadata\" controls=\"controls\"><source type=\"video\/mp4\" src=\"\/spots\/hir\/hir_160808_04.mp4?_=1\" \/><a href=\"\/spots\/hir\/hir_160808_04.mp4\">\/spots\/hir\/hir_160808_04.mp4<\/a><\/video><\/div><\/p>\n","protected":false},"excerpt":{"rendered":"<p>29. alkalommal rendeztek nemzetk\u00f6zi m\u00e9zv\u00e1s\u00e1rt \u00e9s m\u00e9h\u00e9sztal\u00e1lkoz\u00f3t J\u00e1szber\u00e9nyben. A m\u00e9h\u00e9szeti term\u00e9kek \u00e9s a m\u00e9zk\u00fcl\u00f6nlegess\u00e9gek v\u00e1s\u00e1ra mellett \u00e9l\u0151 m\u00e9hkapt\u00e1rat is l\u00e1thatott a k\u00f6z\u00f6ns\u00e9g. 29. alkalommal rendeztek nemzetk\u00f6zi m\u00e9zv\u00e1s\u00e1rt \u00e9s m\u00e9h\u00e9sztal\u00e1lkoz\u00f3t J\u00e1szber\u00e9nyben. A m\u00e9h\u00e9szeti term\u00e9kek \u00e9s a m\u00e9zk\u00fcl\u00f6nlegess\u00e9gek v\u00e1s\u00e1ra mellett \u00e9l\u0151 m\u00e9hkapt\u00e1rat is l\u00e1thatott a k\u00f6z\u00f6ns\u00e9g. Magyarorsz\u00e1g legnagyobb m\u00e9h\u00e9szeti rendezv\u00e9ny\u00e9nek adott otthont szombaton J\u00e1szber\u00e9ny. Itt tal\u00e1lkozhatnak termel\u0151k, [&hellip;]<\/p>\n","protected":false},"author":2,"featured_media":0,"comment_status":"closed","ping_status":"closed","sticky":false,"template":"","format":"standard","meta":[],"categories":[16],"tags":[],"_links":{"self":[{"href":"http:\/\/archiv.szolnoktv.hu\/index.php?rest_route=\/wp\/v2\/posts\/15643"}],"collection":[{"href":"http:\/\/archiv.szolnoktv.hu\/index.php?rest_route=\/wp\/v2\/posts"}],"about":[{"href":"http:\/\/archiv.szolnoktv.hu\/index.php?rest_route=\/wp\/v2\/types\/post"}],"author":[{"embeddable":true,"href":"http:\/\/archiv.szolnoktv.hu\/index.php?rest_route=\/wp\/v2\/users\/2"}],"replies":[{"embeddable":true,"href":"http:\/\/archiv.szolnoktv.hu\/index.php?rest_route=%2Fwp%2Fv2%2Fcomments&post=15643"}],"version-history":[{"count":1,"href":"http:\/\/archiv.szolnoktv.hu\/index.php?rest_route=\/wp\/v2\/posts\/15643\/revisions"}],"predecessor-version":[{"id":15736,"href":"http:\/\/archiv.szolnoktv.hu\/index.php?rest_route=\/wp\/v2\/posts\/15643\/revisions\/15736"}],"wp:attachment":[{"href":"http:\/\/archiv.szolnoktv.hu\/index.php?rest_route=%2Fwp%2Fv2%2Fmedia&parent=15643"}],"wp:term":[{"taxonomy":"category","embeddable":true,"href":"http:\/\/archiv.szolnoktv.hu\/index.php?rest_route=%2Fwp%2Fv2%2Fcategories&post=15643"},{"taxonomy":"post_tag","embeddable":true,"href":"http:\/\/archiv.szolnoktv.hu\/index.php?rest_route=%2Fwp%2Fv2%2Ftags&post=15643"}],"curies":[{"name":"wp","href":"https:\/\/api.w.org\/{rel}","templated":true}]}}