{"id":15642,"date":"2016-08-08T16:53:25","date_gmt":"2016-08-08T16:53:25","guid":{"rendered":"http:\/\/archiv.szolnoktv.hu\/?p=15642"},"modified":"2021-08-26T08:06:23","modified_gmt":"2021-08-26T08:06:23","slug":"folytatodik-az-ady-felujitasa","status":"publish","type":"post","link":"http:\/\/archiv.szolnoktv.hu\/?p=15642","title":{"rendered":"Folytat\u00f3dik az Ady fel\u00faj\u00edt\u00e1sa"},"content":{"rendered":"<div class='booster-block booster-read-block'><\/div><p>Megkezd\u0151d\u00f6tt az Ady Endre \u00fat G\u00e1rdonyi G\u00e9za \u00e9s Fiumei \u00fat k\u00f6z\u00f6tti szakasz\u00e1nak aszfaltoz\u00e1sa. A munk\u00e1latok alatt jelent\u0151s forgalomkorl\u00e1toz\u00e1sra kell sz\u00e1m\u00edtani. A csom\u00f3ponti aszfaltoz\u00e1s miatt az aut\u00f3busz forgalomban is jelent\u0151s v\u00e1ltoz\u00e1sok l\u00e9pnek \u00e9letbe Szolnok helyi j\u00e1ratain.<\/p>\n<p>: Ma reggel megkezd\u0151d\u00f6tt az Ady Endre \u00fat aut\u00f3busz\u00e1llom\u00e1s el\u0151tti szakasz\u00e1nak aszfaltoz\u00e1sa, mely az ONIX Centert\u0151l teljes sz\u00e9less\u00e9g\u00e9ben a M\u00f3ra Ferenc \u00fati meg\u00e1ll\u00f3ig tart. A v\u00e1ros egyik legjelent\u0151sebb csom\u00f3pontj\u00e1nak fel\u00faj\u00edt\u00e1sa komoly forgalomkorl\u00e1toz\u00e1ssal j\u00e1r. Ennek ellen\u00e9re a k\u00e9tir\u00e1ny\u00fa forgalmat jelz\u0151\u0151r\u00f6s ir\u00e1ny\u00edt\u00e1s mellett biztos\u00edtj\u00e1k. Ma lez\u00e1rt\u00e1k a V\u00edz\u00fcgyi sz\u00e9kh\u00e1z \u00e9s a MOL irodah\u00e1z parkol\u00f3j\u00e1t, a Boldog S\u00e1ndor Istv\u00e1n k\u00f6r\u00fat egy r\u00e9sz\u00e9t, a S\u00f3lyom \u00e9s a J\u00f3kai utat. De holnap is sok t\u00fcrelemre lesz sz\u00fcks\u00e9ge a k\u00f6zleked\u0151knek, kedden ugyanis lez\u00e1rj\u00e1k az Ady \u00e9szaki forgalmi s\u00e1vj\u00e1hoz csatlakoz\u00f3 utakat. H\u00e9t \u00f3r\u00e1t\u00f3l a Boldog S\u00e1ndor Istv\u00e1n k\u00f6rutat a Spar \u00e1ruh\u00e1zn\u00e1l \u00e9s a Fiumei utat. Ez id\u0151 alatt a k\u00f6r\u00fat csak a V\u00e1rkonyi t\u00e9r ir\u00e1ny\u00e1b\u00f3l lesz el\u00e9rhet\u0151. Kedden a piac parkol\u00f3 sem \u00fczemel majd. A munk\u00e1latok ideje alatt a Kossuth t\u00e9ren \u00e1t lehet hajtani \u00e9s a buszj\u00e1ratok k\u00f6zleked\u00e9se is biztos\u00edtott, jelent\u0151s v\u00e1ltoz\u00e1sok mellett. Fontos tudni, hogy minden, az aut\u00f3busz-\u00e1llom\u00e1sr\u00f3l indul\u00f3 \u00e9s oda \u00e9rkez\u0151 j\u00e1ratok \u00a0ker\u00fcl\u0151 \u00faton k\u00f6zlekednek.  Ez nemcsak a helyi, hanem a helyk\u00f6zi j\u00e1ratokat is \u00e9rinti. Az \u00fatvonalak m\u00f3dos\u00edt\u00e1s\u00e1r\u00f3l r\u00e9szletesen a www.kmkk.hu oldalon olvashatnak. Az \u00e9rintett vonalakon az elterel\u00e9s miatt fokozott odafigyel\u00e9s \u00e9s t\u00fcrelem sz\u00fcks\u00e9ges. A rend\u0151ri jelenl\u00e9t \u00e9s forgalomir\u00e1ny\u00edt\u00e1s ellen\u00e9re is jelent\u0151s torl\u00f3d\u00e1sok \u00e9s k\u00e9s\u00e9sek alakulhatnak ki. A tervek szerint a munk\u00e1latokat augusztus 10-re befejezik.<br \/>\n<div style=\"width: 640px;\" class=\"wp-video\"><!--[if lt IE 9]><script>document.createElement('video');<\/script><![endif]-->\n<video class=\"wp-video-shortcode\" id=\"video-15642-1\" width=\"640\" height=\"360\" preload=\"metadata\" controls=\"controls\"><source type=\"video\/mp4\" src=\"\/spots\/hir\/hir_160808_03.mp4?_=1\" \/><a href=\"\/spots\/hir\/hir_160808_03.mp4\">\/spots\/hir\/hir_160808_03.mp4<\/a><\/video><\/div><\/p>\n","protected":false},"excerpt":{"rendered":"<p>Megkezd\u0151d\u00f6tt az Ady Endre \u00fat G\u00e1rdonyi G\u00e9za \u00e9s Fiumei \u00fat k\u00f6z\u00f6tti szakasz\u00e1nak aszfaltoz\u00e1sa. A munk\u00e1latok alatt jelent\u0151s forgalomkorl\u00e1toz\u00e1sra kell sz\u00e1m\u00edtani. A csom\u00f3ponti aszfaltoz\u00e1s miatt az aut\u00f3busz forgalomban is jelent\u0151s v\u00e1ltoz\u00e1sok l\u00e9pnek \u00e9letbe Szolnok helyi j\u00e1ratain. : Ma reggel megkezd\u0151d\u00f6tt az Ady Endre \u00fat aut\u00f3busz\u00e1llom\u00e1s el\u0151tti szakasz\u00e1nak aszfaltoz\u00e1sa, mely az ONIX Centert\u0151l teljes sz\u00e9less\u00e9g\u00e9ben a M\u00f3ra [&hellip;]<\/p>\n","protected":false},"author":2,"featured_media":0,"comment_status":"closed","ping_status":"closed","sticky":false,"template":"","format":"standard","meta":[],"categories":[16],"tags":[],"_links":{"self":[{"href":"http:\/\/archiv.szolnoktv.hu\/index.php?rest_route=\/wp\/v2\/posts\/15642"}],"collection":[{"href":"http:\/\/archiv.szolnoktv.hu\/index.php?rest_route=\/wp\/v2\/posts"}],"about":[{"href":"http:\/\/archiv.szolnoktv.hu\/index.php?rest_route=\/wp\/v2\/types\/post"}],"author":[{"embeddable":true,"href":"http:\/\/archiv.szolnoktv.hu\/index.php?rest_route=\/wp\/v2\/users\/2"}],"replies":[{"embeddable":true,"href":"http:\/\/archiv.szolnoktv.hu\/index.php?rest_route=%2Fwp%2Fv2%2Fcomments&post=15642"}],"version-history":[{"count":1,"href":"http:\/\/archiv.szolnoktv.hu\/index.php?rest_route=\/wp\/v2\/posts\/15642\/revisions"}],"predecessor-version":[{"id":15737,"href":"http:\/\/archiv.szolnoktv.hu\/index.php?rest_route=\/wp\/v2\/posts\/15642\/revisions\/15737"}],"wp:attachment":[{"href":"http:\/\/archiv.szolnoktv.hu\/index.php?rest_route=%2Fwp%2Fv2%2Fmedia&parent=15642"}],"wp:term":[{"taxonomy":"category","embeddable":true,"href":"http:\/\/archiv.szolnoktv.hu\/index.php?rest_route=%2Fwp%2Fv2%2Fcategories&post=15642"},{"taxonomy":"post_tag","embeddable":true,"href":"http:\/\/archiv.szolnoktv.hu\/index.php?rest_route=%2Fwp%2Fv2%2Ftags&post=15642"}],"curies":[{"name":"wp","href":"https:\/\/api.w.org\/{rel}","templated":true}]}}