{"id":15641,"date":"2016-08-08T16:51:53","date_gmt":"2016-08-08T16:51:53","guid":{"rendered":"http:\/\/archiv.szolnoktv.hu\/?p=15641"},"modified":"2021-08-26T08:06:23","modified_gmt":"2021-08-26T08:06:23","slug":"telekom-halozat-fejlesztes","status":"publish","type":"post","link":"http:\/\/archiv.szolnoktv.hu\/?p=15641","title":{"rendered":"Telekom h\u00e1l\u00f3zat fejleszt\u00e9s"},"content":{"rendered":"<div class='booster-block booster-read-block'><\/div><p>Szolnokon is fejleszti sz\u00e9les s\u00e1v\u00fa internet el\u00e9r\u00e9s\u00e9t a Magyar Telekom. A t\u00e1vk\u00f6zl\u00e9si h\u00e1l\u00f3zat ki\u00e9p\u00edt\u00e9s\u00e9nek, illetve moderniz\u00e1l\u00e1s\u00e1nak m\u00e1sodik \u00fcteme augusztus 1-\u00e9n kezd\u0151d\u00f6tt Szandasz\u0151l\u0151s\u00f6n.<\/p>\n<p>A Telekom vezet\u00e9kes h\u00e1l\u00f3zat\u00e1nak fejleszt\u00e9se egy \u00e9vvel ezel\u0151tt kezd\u0151d\u00f6tt. A beruh\u00e1z\u00e1s Szolnokon a m\u00e1sodik \u00fctem\u00e9n\u00e9l tart. Orsz\u00e1gosan egy \u00e9v alatt 464ezer h\u00e1ztart\u00e1sba juttatt\u00e1k el a korszer\u0171 k\u00e1belh\u00e1l\u00f3zatot, Szolnokon a Kertv\u00e1rosban \u00e9s a Kili\u00e1n lak\u00f3telepen 750 csal\u00e1dhoz jutottak el. A mostani munka augusztus 1-\u00e9n kezd\u0151d\u00f6tt. A Terv \u00fat \u00e9s Szandasz\u0151l\u0151s h\u00e1l\u00f3zat\u00e1t fejlesztik, amivel ism\u00e9t, k\u00f6zel 3500 h\u00e1ztart\u00e1sba jut el a sz\u00e9les s\u00e1v\u00fa internet. A k\u00e1belh\u00e1l\u00f3zat ki\u00e9p\u00edt\u00e9se minim\u00e1lis f\u00f6ldmunk\u00e1val j\u00e1r, hiszen a m\u00e1r megl\u00e9v\u0151 oszlopokon l\u00e9gk\u00e1belez\u00e9s t\u00f6rt\u00e9nik majd. Az optikai h\u00e1l\u00f3zatot azonban be kell &#8220;vinni&#8221;&#8221; az \u00e9rintett lak\u00e1sokba, de ennek id\u0151pontj\u00e1r\u00f3l mindig \u00e9rtes\u00edtik az \u00e9rintett tulajdonosokat. &#8221;<br \/>\n<div style=\"width: 640px;\" class=\"wp-video\"><!--[if lt IE 9]><script>document.createElement('video');<\/script><![endif]-->\n<video class=\"wp-video-shortcode\" id=\"video-15641-1\" width=\"640\" height=\"360\" preload=\"metadata\" controls=\"controls\"><source type=\"video\/mp4\" src=\"\/spots\/hir\/hir_160808_01.mp4?_=1\" \/><a href=\"\/spots\/hir\/hir_160808_01.mp4\">\/spots\/hir\/hir_160808_01.mp4<\/a><\/video><\/div><\/p>\n","protected":false},"excerpt":{"rendered":"<p>Szolnokon is fejleszti sz\u00e9les s\u00e1v\u00fa internet el\u00e9r\u00e9s\u00e9t a Magyar Telekom. A t\u00e1vk\u00f6zl\u00e9si h\u00e1l\u00f3zat ki\u00e9p\u00edt\u00e9s\u00e9nek, illetve moderniz\u00e1l\u00e1s\u00e1nak m\u00e1sodik \u00fcteme augusztus 1-\u00e9n kezd\u0151d\u00f6tt Szandasz\u0151l\u0151s\u00f6n. A Telekom vezet\u00e9kes h\u00e1l\u00f3zat\u00e1nak fejleszt\u00e9se egy \u00e9vvel ezel\u0151tt kezd\u0151d\u00f6tt. A beruh\u00e1z\u00e1s Szolnokon a m\u00e1sodik \u00fctem\u00e9n\u00e9l tart. Orsz\u00e1gosan egy \u00e9v alatt 464ezer h\u00e1ztart\u00e1sba juttatt\u00e1k el a korszer\u0171 k\u00e1belh\u00e1l\u00f3zatot, Szolnokon a Kertv\u00e1rosban \u00e9s a Kili\u00e1n [&hellip;]<\/p>\n","protected":false},"author":2,"featured_media":0,"comment_status":"closed","ping_status":"closed","sticky":false,"template":"","format":"standard","meta":[],"categories":[16],"tags":[],"_links":{"self":[{"href":"http:\/\/archiv.szolnoktv.hu\/index.php?rest_route=\/wp\/v2\/posts\/15641"}],"collection":[{"href":"http:\/\/archiv.szolnoktv.hu\/index.php?rest_route=\/wp\/v2\/posts"}],"about":[{"href":"http:\/\/archiv.szolnoktv.hu\/index.php?rest_route=\/wp\/v2\/types\/post"}],"author":[{"embeddable":true,"href":"http:\/\/archiv.szolnoktv.hu\/index.php?rest_route=\/wp\/v2\/users\/2"}],"replies":[{"embeddable":true,"href":"http:\/\/archiv.szolnoktv.hu\/index.php?rest_route=%2Fwp%2Fv2%2Fcomments&post=15641"}],"version-history":[{"count":1,"href":"http:\/\/archiv.szolnoktv.hu\/index.php?rest_route=\/wp\/v2\/posts\/15641\/revisions"}],"predecessor-version":[{"id":15738,"href":"http:\/\/archiv.szolnoktv.hu\/index.php?rest_route=\/wp\/v2\/posts\/15641\/revisions\/15738"}],"wp:attachment":[{"href":"http:\/\/archiv.szolnoktv.hu\/index.php?rest_route=%2Fwp%2Fv2%2Fmedia&parent=15641"}],"wp:term":[{"taxonomy":"category","embeddable":true,"href":"http:\/\/archiv.szolnoktv.hu\/index.php?rest_route=%2Fwp%2Fv2%2Fcategories&post=15641"},{"taxonomy":"post_tag","embeddable":true,"href":"http:\/\/archiv.szolnoktv.hu\/index.php?rest_route=%2Fwp%2Fv2%2Ftags&post=15641"}],"curies":[{"name":"wp","href":"https:\/\/api.w.org\/{rel}","templated":true}]}}