{"id":15640,"date":"2016-08-05T17:27:47","date_gmt":"2016-08-05T17:27:47","guid":{"rendered":"http:\/\/archiv.szolnoktv.hu\/?p=15640"},"modified":"2021-08-26T08:06:23","modified_gmt":"2021-08-26T08:06:23","slug":"taxi","status":"publish","type":"post","link":"http:\/\/archiv.szolnoktv.hu\/?p=15640","title":{"rendered":"TAXI"},"content":{"rendered":"<div class='booster-block booster-read-block'><\/div><p>Megsz\u0171nik az \u00c1rk\u00e1d \u00dczleth\u00e1z el\u0151tti taxi\u00e1llom\u00e1s. Az \u00f6nkorm\u00e1nyzat d\u00f6nt\u00e9se nyom\u00e1n viszont k\u00e9t helyen is \u00faj parkol\u00f3kat festenek fel sz\u00e1mukra. Arra voltunk k\u00edv\u00e1ncsiak, el\u00e9gedettek- e a szolnokiak a szolg\u00e1ltat\u00e1ssal?<br \/>\n<br \/>\n<div style=\"width: 640px;\" class=\"wp-video\"><!--[if lt IE 9]><script>document.createElement('video');<\/script><![endif]-->\n<video class=\"wp-video-shortcode\" id=\"video-15640-1\" width=\"640\" height=\"360\" preload=\"metadata\" controls=\"controls\"><source type=\"video\/mp4\" src=\"\/spots\/hir\/hir_160805_05.mp4?_=1\" \/><a href=\"\/spots\/hir\/hir_160805_05.mp4\">\/spots\/hir\/hir_160805_05.mp4<\/a><\/video><\/div><\/p>\n","protected":false},"excerpt":{"rendered":"<p>Megsz\u0171nik az \u00c1rk\u00e1d \u00dczleth\u00e1z el\u0151tti taxi\u00e1llom\u00e1s. Az \u00f6nkorm\u00e1nyzat d\u00f6nt\u00e9se nyom\u00e1n viszont k\u00e9t helyen is \u00faj parkol\u00f3kat festenek fel sz\u00e1mukra. Arra voltunk k\u00edv\u00e1ncsiak, el\u00e9gedettek- e a szolnokiak a szolg\u00e1ltat\u00e1ssal?<\/p>\n","protected":false},"author":2,"featured_media":0,"comment_status":"closed","ping_status":"closed","sticky":false,"template":"","format":"standard","meta":[],"categories":[16],"tags":[],"_links":{"self":[{"href":"http:\/\/archiv.szolnoktv.hu\/index.php?rest_route=\/wp\/v2\/posts\/15640"}],"collection":[{"href":"http:\/\/archiv.szolnoktv.hu\/index.php?rest_route=\/wp\/v2\/posts"}],"about":[{"href":"http:\/\/archiv.szolnoktv.hu\/index.php?rest_route=\/wp\/v2\/types\/post"}],"author":[{"embeddable":true,"href":"http:\/\/archiv.szolnoktv.hu\/index.php?rest_route=\/wp\/v2\/users\/2"}],"replies":[{"embeddable":true,"href":"http:\/\/archiv.szolnoktv.hu\/index.php?rest_route=%2Fwp%2Fv2%2Fcomments&post=15640"}],"version-history":[{"count":1,"href":"http:\/\/archiv.szolnoktv.hu\/index.php?rest_route=\/wp\/v2\/posts\/15640\/revisions"}],"predecessor-version":[{"id":15739,"href":"http:\/\/archiv.szolnoktv.hu\/index.php?rest_route=\/wp\/v2\/posts\/15640\/revisions\/15739"}],"wp:attachment":[{"href":"http:\/\/archiv.szolnoktv.hu\/index.php?rest_route=%2Fwp%2Fv2%2Fmedia&parent=15640"}],"wp:term":[{"taxonomy":"category","embeddable":true,"href":"http:\/\/archiv.szolnoktv.hu\/index.php?rest_route=%2Fwp%2Fv2%2Fcategories&post=15640"},{"taxonomy":"post_tag","embeddable":true,"href":"http:\/\/archiv.szolnoktv.hu\/index.php?rest_route=%2Fwp%2Fv2%2Ftags&post=15640"}],"curies":[{"name":"wp","href":"https:\/\/api.w.org\/{rel}","templated":true}]}}