{"id":15639,"date":"2016-08-05T17:13:01","date_gmt":"2016-08-05T17:13:01","guid":{"rendered":"http:\/\/archiv.szolnoktv.hu\/?p=15639"},"modified":"2021-08-26T08:06:23","modified_gmt":"2021-08-26T08:06:23","slug":"magyar-es-roman-rendorok-kozosen-ellenoriztek-a-heten","status":"publish","type":"post","link":"http:\/\/archiv.szolnoktv.hu\/?p=15639","title":{"rendered":"Magyar \u00e9s rom\u00e1n rend\u0151r\u00f6k k\u00f6z\u00f6sen ellen\u0151riztek a h\u00e9ten"},"content":{"rendered":"<div class='booster-block booster-read-block'><\/div><p>Eg\u00e9sz h\u00e9ten magyar \u00e9s rom\u00e1n rend\u0151r\u00f6k ellen\u0151rizt\u00e9k a k\u00f6zleked\u0151ket Szolnok \u00fatjain. Az egy\u00fcttm\u0171k\u00f6d\u00e9s c\u00e9lja egym\u00e1s munk\u00e1j\u00e1nak seg\u00edt\u00e9se. A tapasztalatok hasonl\u00f3ak, mindk\u00e9t orsz\u00e1gban ugyanazokat a szab\u00e1lys\u00e9rt\u00e9seket k\u00f6vetik el leggyakrabban, \u00edgy ma is szabtak ki ittas vezet\u00e9s, gyorshajt\u00e1s \u00e9s tiltott helyen el\u0151z\u00e9s miatti b\u00fcntet\u00e9st.<\/p>\n<p>Eg\u00e9sz h\u00e9ten magyar \u00e9s rom\u00e1n rend\u0151r\u00f6k ellen\u0151rizt\u00e9k a k\u00f6zleked\u0151ket Szolnok \u00fatjain. Az egy\u00fcttm\u0171k\u00f6d\u00e9s c\u00e9lja egym\u00e1s munk\u00e1j\u00e1nak seg\u00edt\u00e9se. A tapasztalatok hasonl\u00f3ak, mindk\u00e9t orsz\u00e1gban ugyanazokat a szab\u00e1lys\u00e9rt\u00e9seket k\u00f6vetik el leggyakrabban, \u00edgy ma is szabtak ki ittas vezet\u00e9s, gyorshajt\u00e1s \u00e9s tiltott helyen el\u0151z\u00e9s miatti b\u00fcntet\u00e9st.<\/p>\n<p>Hossz\u00fa \u00e9vek \u00f3ta ellen\u0151rzi k\u00f6z\u00f6sen a k\u00f6zleked\u0151ket a JNSZMegyei Rend\u0151r-F\u0151kapit\u00e1nys\u00e1g \u00e9s a M\u00e1ramaros Megyei Rend\u0151r-f\u0151kapit\u00e1nys\u00e1g. \u00cdgy volt ez a h\u00e9ten is. <br \/>A tapasztalatok szerint ittas vezet\u00e9s, gyorshajt\u00e1s \u00e9s tiltott helyen el\u0151z\u00e9s fordult el\u0151 leggyakrabban. Sok esetben kellett ford\u00edtani az ellen\u0151rz\u00e9sek alkalm\u00e1val.  A h\u00e9t sor\u00e1n t\u00f6bb igazoltat\u00e1sn\u00e1l a rom\u00e1n rend\u0151r\u00f6k seg\u00edtettek a szolnokiaknak eligazodni a rom\u00e1n okm\u00e1nyokban. \u00d5k pedig megismerhett\u00e9k a magyar iratokat \u00e9s a magyar  aut\u00f3kon tal\u00e1lhat\u00f3 jelz\u00e9seket<br \/>\n<div style=\"width: 640px;\" class=\"wp-video\"><!--[if lt IE 9]><script>document.createElement('video');<\/script><![endif]-->\n<video class=\"wp-video-shortcode\" id=\"video-15639-1\" width=\"640\" height=\"360\" preload=\"metadata\" controls=\"controls\"><source type=\"video\/mp4\" src=\"\/spots\/hir\/hir_160805_04.mp4?_=1\" \/><a href=\"\/spots\/hir\/hir_160805_04.mp4\">\/spots\/hir\/hir_160805_04.mp4<\/a><\/video><\/div><\/p>\n","protected":false},"excerpt":{"rendered":"<p>Eg\u00e9sz h\u00e9ten magyar \u00e9s rom\u00e1n rend\u0151r\u00f6k ellen\u0151rizt\u00e9k a k\u00f6zleked\u0151ket Szolnok \u00fatjain. Az egy\u00fcttm\u0171k\u00f6d\u00e9s c\u00e9lja egym\u00e1s munk\u00e1j\u00e1nak seg\u00edt\u00e9se. A tapasztalatok hasonl\u00f3ak, mindk\u00e9t orsz\u00e1gban ugyanazokat a szab\u00e1lys\u00e9rt\u00e9seket k\u00f6vetik el leggyakrabban, \u00edgy ma is szabtak ki ittas vezet\u00e9s, gyorshajt\u00e1s \u00e9s tiltott helyen el\u0151z\u00e9s miatti b\u00fcntet\u00e9st. Eg\u00e9sz h\u00e9ten magyar \u00e9s rom\u00e1n rend\u0151r\u00f6k ellen\u0151rizt\u00e9k a k\u00f6zleked\u0151ket Szolnok \u00fatjain. Az egy\u00fcttm\u0171k\u00f6d\u00e9s [&hellip;]<\/p>\n","protected":false},"author":2,"featured_media":0,"comment_status":"closed","ping_status":"closed","sticky":false,"template":"","format":"standard","meta":[],"categories":[16],"tags":[],"_links":{"self":[{"href":"http:\/\/archiv.szolnoktv.hu\/index.php?rest_route=\/wp\/v2\/posts\/15639"}],"collection":[{"href":"http:\/\/archiv.szolnoktv.hu\/index.php?rest_route=\/wp\/v2\/posts"}],"about":[{"href":"http:\/\/archiv.szolnoktv.hu\/index.php?rest_route=\/wp\/v2\/types\/post"}],"author":[{"embeddable":true,"href":"http:\/\/archiv.szolnoktv.hu\/index.php?rest_route=\/wp\/v2\/users\/2"}],"replies":[{"embeddable":true,"href":"http:\/\/archiv.szolnoktv.hu\/index.php?rest_route=%2Fwp%2Fv2%2Fcomments&post=15639"}],"version-history":[{"count":1,"href":"http:\/\/archiv.szolnoktv.hu\/index.php?rest_route=\/wp\/v2\/posts\/15639\/revisions"}],"predecessor-version":[{"id":15740,"href":"http:\/\/archiv.szolnoktv.hu\/index.php?rest_route=\/wp\/v2\/posts\/15639\/revisions\/15740"}],"wp:attachment":[{"href":"http:\/\/archiv.szolnoktv.hu\/index.php?rest_route=%2Fwp%2Fv2%2Fmedia&parent=15639"}],"wp:term":[{"taxonomy":"category","embeddable":true,"href":"http:\/\/archiv.szolnoktv.hu\/index.php?rest_route=%2Fwp%2Fv2%2Fcategories&post=15639"},{"taxonomy":"post_tag","embeddable":true,"href":"http:\/\/archiv.szolnoktv.hu\/index.php?rest_route=%2Fwp%2Fv2%2Ftags&post=15639"}],"curies":[{"name":"wp","href":"https:\/\/api.w.org\/{rel}","templated":true}]}}