{"id":15637,"date":"2016-08-05T17:09:43","date_gmt":"2016-08-05T17:09:43","guid":{"rendered":"http:\/\/archiv.szolnoktv.hu\/?p=15637"},"modified":"2021-08-26T08:06:24","modified_gmt":"2021-08-26T08:06:24","slug":"a-sor-vilagnapja-sorarium","status":"publish","type":"post","link":"http:\/\/archiv.szolnoktv.hu\/?p=15637","title":{"rendered":"A s\u00f6r vil\u00e1gnapja &#8211; S\u00f6r\u00e1rium"},"content":{"rendered":"<div class='booster-block booster-read-block'><\/div><p>Ma van a s\u00f6r vil\u00e1gnapja. A legk\u00fcl\u00f6nf\u00e9l\u00e9bb kin\u00e9zet\u0171, sz\u00edn\u0171 \u00e9s \u00edz\u0171 ital \u00e9vsz\u00e1zadok \u00f3ta n\u00e9pszer\u0171, \u00e9s ez a n\u00e9pszer\u0171s\u00e9g a ny\u00e1ri nagy melegben csak fokoz\u00f3dik. A szolnoki S\u00f6r\u00e1rium j\u00falius 22-\u00e9n nyitott, ahol a helyi gy\u00e1rt\u00e1s\u00fa s\u00f6r\u00f6k mellett m\u00e1s k\u00fcl\u00f6nlegess\u00e9geket is megk\u00f3stolhatnak a bet\u00e9r\u0151k<\/p>\n<p>A nemzetk\u00f6zi s\u00f6rnapot 2012-\u00f3ta minden \u00e9v augusztus els\u0151 p\u00e9ntek\u00e9n tartj\u00e1k. El\u0151sz\u00f6r egy amerikai kiskocsma \u00fcnnepelte a s\u00f6rk\u00e9sz\u00edt\u00e9st \u00e9s s\u00f6riv\u00e1st, majd l\u00e9trehoztak egy weboldalt \u00e9s ett\u0151l fogva m\u00e1sok is \u00e1tvett\u00e9k ezt a szok\u00e1st. A szolnoki S\u00f6r\u00e1rium j\u00falius 22-\u00e9n ny\u00edlt, ami \u00f6nmag\u00e1ban \u00fcnnepi pillanat volt. Nem csak az itt \u00e9l\u0151k fedezt\u00e9k fel maguknak. A k\u00f6rny\u00e9k telep\u00fcl\u00e9seir\u0151l \u00e9s k\u00fclf\u00f6ldr\u0151l is \u00e9rkeztek m\u00e1r vend\u00e9gek, akik a meggyes \u00e9s egy\u00e9b s\u00f6rk\u00fcl\u00f6nlegess\u00e9gek mellett a helyben k\u00e9sz\u00fclt Zounokot, Sz\u0151ke Tisz\u00e1t, Szolnoki Olaj-t \u00e9s a Zagyv\u00e1t is megk\u00f3stolhatt\u00e1k. K\u00e9tszer 300 literes tart\u00e1lyban f\u0151zik a szolnoki s\u00f6r\u00f6ket, melyek innen 21 napra ezekbe az ez\u00fcst sz\u00edn\u0171 tart\u00e1lyokba ker\u00fclnek. A nyit\u00e1s \u00f3ta k\u00f6zel 400 liter fogyott, \u00edgy hamarosan \u00fajra lehet hord\u00f3kba t\u00f6lteni az elk\u00e9sz\u00fclt italt. A S\u00f6r\u00e1rium nem csak s\u00f6reivel csalogatja a bet\u00e9r\u0151ket, hanem interakt\u00edv m\u00fazeum\u00e1val is, mely m\u00e9g k\u00fcl\u00f6nlegesebb\u00e9 teszi a v\u00e1rosh\u00e1za alatt kialak\u00edtott egys\u00e9get.<br \/>\n<div style=\"width: 640px;\" class=\"wp-video\"><!--[if lt IE 9]><script>document.createElement('video');<\/script><![endif]-->\n<video class=\"wp-video-shortcode\" id=\"video-15637-1\" width=\"640\" height=\"360\" preload=\"metadata\" controls=\"controls\"><source type=\"video\/mp4\" src=\"\/spots\/hir\/hir_160805_02.mp4?_=1\" \/><a href=\"\/spots\/hir\/hir_160805_02.mp4\">\/spots\/hir\/hir_160805_02.mp4<\/a><\/video><\/div><\/p>\n","protected":false},"excerpt":{"rendered":"<p>Ma van a s\u00f6r vil\u00e1gnapja. A legk\u00fcl\u00f6nf\u00e9l\u00e9bb kin\u00e9zet\u0171, sz\u00edn\u0171 \u00e9s \u00edz\u0171 ital \u00e9vsz\u00e1zadok \u00f3ta n\u00e9pszer\u0171, \u00e9s ez a n\u00e9pszer\u0171s\u00e9g a ny\u00e1ri nagy melegben csak fokoz\u00f3dik. A szolnoki S\u00f6r\u00e1rium j\u00falius 22-\u00e9n nyitott, ahol a helyi gy\u00e1rt\u00e1s\u00fa s\u00f6r\u00f6k mellett m\u00e1s k\u00fcl\u00f6nlegess\u00e9geket is megk\u00f3stolhatnak a bet\u00e9r\u0151k A nemzetk\u00f6zi s\u00f6rnapot 2012-\u00f3ta minden \u00e9v augusztus els\u0151 p\u00e9ntek\u00e9n tartj\u00e1k. El\u0151sz\u00f6r egy [&hellip;]<\/p>\n","protected":false},"author":2,"featured_media":0,"comment_status":"closed","ping_status":"closed","sticky":false,"template":"","format":"standard","meta":[],"categories":[16],"tags":[],"_links":{"self":[{"href":"http:\/\/archiv.szolnoktv.hu\/index.php?rest_route=\/wp\/v2\/posts\/15637"}],"collection":[{"href":"http:\/\/archiv.szolnoktv.hu\/index.php?rest_route=\/wp\/v2\/posts"}],"about":[{"href":"http:\/\/archiv.szolnoktv.hu\/index.php?rest_route=\/wp\/v2\/types\/post"}],"author":[{"embeddable":true,"href":"http:\/\/archiv.szolnoktv.hu\/index.php?rest_route=\/wp\/v2\/users\/2"}],"replies":[{"embeddable":true,"href":"http:\/\/archiv.szolnoktv.hu\/index.php?rest_route=%2Fwp%2Fv2%2Fcomments&post=15637"}],"version-history":[{"count":1,"href":"http:\/\/archiv.szolnoktv.hu\/index.php?rest_route=\/wp\/v2\/posts\/15637\/revisions"}],"predecessor-version":[{"id":15742,"href":"http:\/\/archiv.szolnoktv.hu\/index.php?rest_route=\/wp\/v2\/posts\/15637\/revisions\/15742"}],"wp:attachment":[{"href":"http:\/\/archiv.szolnoktv.hu\/index.php?rest_route=%2Fwp%2Fv2%2Fmedia&parent=15637"}],"wp:term":[{"taxonomy":"category","embeddable":true,"href":"http:\/\/archiv.szolnoktv.hu\/index.php?rest_route=%2Fwp%2Fv2%2Fcategories&post=15637"},{"taxonomy":"post_tag","embeddable":true,"href":"http:\/\/archiv.szolnoktv.hu\/index.php?rest_route=%2Fwp%2Fv2%2Ftags&post=15637"}],"curies":[{"name":"wp","href":"https:\/\/api.w.org\/{rel}","templated":true}]}}