{"id":15636,"date":"2016-08-05T13:47:54","date_gmt":"2016-08-05T13:47:54","guid":{"rendered":"http:\/\/archiv.szolnoktv.hu\/?p=15636"},"modified":"2021-08-26T08:06:24","modified_gmt":"2021-08-26T08:06:24","slug":"kunszentmartonban-gyujtik-a-buzat-a-magyarok-kenyerehez","status":"publish","type":"post","link":"http:\/\/archiv.szolnoktv.hu\/?p=15636","title":{"rendered":"Kunszentm\u00e1rtonban gy\u0171jtik a b\u00faz\u00e1t a magyarok kenyer\u00e9hez"},"content":{"rendered":"<div class='booster-block booster-read-block'><\/div><p>T\u00f6bb ezer r\u00e1szorul\u00f3n seg\u00edt a Magyarok Kenyere program. Ebben az \u00e9vben orsz\u00e1gszerte, illetve Felvid\u00e9ken, D\u00e9lvid\u00e9ken, Erd\u00e9lyben, K\u00e1rp\u00e1talj\u00e1n \u00e9s Mold\u00e1vi\u00e1ban is gy\u0171jtik a gabon\u00e1t.<\/p>\n<p>T\u00f6bb ezer r\u00e1szorul\u00f3n seg\u00edt a Magyarok Kenyere program. Ebben az \u00e9vben orsz\u00e1gszerte, illetve Felvid\u00e9ken, D\u00e9lvid\u00e9ken, Erd\u00e9lyben, K\u00e1rp\u00e1talj\u00e1n \u00e9s Mold\u00e1vi\u00e1ban is gy\u0171jtik a gabon\u00e1t. Ebben az \u00e9vben JNSZ megy\u00e9ben Kunszentm\u00e1rton ad otthont az adom\u00e1nyok gy\u0171jt\u0151pontj\u00e1nak. Tavaly \u00f6sszesen 86,7 tonna b\u00faza gy\u0171lt \u00f6ssze a Magyarok Kenyer\u00e9re JNSZ megy\u00e9ben, az idei \u00e9vben a gy\u0171jt\u00e9s f\u00e9lidej\u00e9ben eddig 43 tonn\u00e1n\u00e1l tartanak a megyei gazd\u00e1k.<br \/>\n<div style=\"width: 640px;\" class=\"wp-video\"><!--[if lt IE 9]><script>document.createElement('video');<\/script><![endif]-->\n<video class=\"wp-video-shortcode\" id=\"video-15636-1\" width=\"640\" height=\"360\" preload=\"metadata\" controls=\"controls\"><source type=\"video\/mp4\" src=\"\/spots\/hir\/hir_160805_01.mp4?_=1\" \/><a href=\"\/spots\/hir\/hir_160805_01.mp4\">\/spots\/hir\/hir_160805_01.mp4<\/a><\/video><\/div><\/p>\n","protected":false},"excerpt":{"rendered":"<p>T\u00f6bb ezer r\u00e1szorul\u00f3n seg\u00edt a Magyarok Kenyere program. Ebben az \u00e9vben orsz\u00e1gszerte, illetve Felvid\u00e9ken, D\u00e9lvid\u00e9ken, Erd\u00e9lyben, K\u00e1rp\u00e1talj\u00e1n \u00e9s Mold\u00e1vi\u00e1ban is gy\u0171jtik a gabon\u00e1t. T\u00f6bb ezer r\u00e1szorul\u00f3n seg\u00edt a Magyarok Kenyere program. Ebben az \u00e9vben orsz\u00e1gszerte, illetve Felvid\u00e9ken, D\u00e9lvid\u00e9ken, Erd\u00e9lyben, K\u00e1rp\u00e1talj\u00e1n \u00e9s Mold\u00e1vi\u00e1ban is gy\u0171jtik a gabon\u00e1t. Ebben az \u00e9vben JNSZ megy\u00e9ben Kunszentm\u00e1rton ad otthont az [&hellip;]<\/p>\n","protected":false},"author":2,"featured_media":0,"comment_status":"closed","ping_status":"closed","sticky":false,"template":"","format":"standard","meta":[],"categories":[16],"tags":[],"_links":{"self":[{"href":"http:\/\/archiv.szolnoktv.hu\/index.php?rest_route=\/wp\/v2\/posts\/15636"}],"collection":[{"href":"http:\/\/archiv.szolnoktv.hu\/index.php?rest_route=\/wp\/v2\/posts"}],"about":[{"href":"http:\/\/archiv.szolnoktv.hu\/index.php?rest_route=\/wp\/v2\/types\/post"}],"author":[{"embeddable":true,"href":"http:\/\/archiv.szolnoktv.hu\/index.php?rest_route=\/wp\/v2\/users\/2"}],"replies":[{"embeddable":true,"href":"http:\/\/archiv.szolnoktv.hu\/index.php?rest_route=%2Fwp%2Fv2%2Fcomments&post=15636"}],"version-history":[{"count":1,"href":"http:\/\/archiv.szolnoktv.hu\/index.php?rest_route=\/wp\/v2\/posts\/15636\/revisions"}],"predecessor-version":[{"id":15743,"href":"http:\/\/archiv.szolnoktv.hu\/index.php?rest_route=\/wp\/v2\/posts\/15636\/revisions\/15743"}],"wp:attachment":[{"href":"http:\/\/archiv.szolnoktv.hu\/index.php?rest_route=%2Fwp%2Fv2%2Fmedia&parent=15636"}],"wp:term":[{"taxonomy":"category","embeddable":true,"href":"http:\/\/archiv.szolnoktv.hu\/index.php?rest_route=%2Fwp%2Fv2%2Fcategories&post=15636"},{"taxonomy":"post_tag","embeddable":true,"href":"http:\/\/archiv.szolnoktv.hu\/index.php?rest_route=%2Fwp%2Fv2%2Ftags&post=15636"}],"curies":[{"name":"wp","href":"https:\/\/api.w.org\/{rel}","templated":true}]}}