{"id":15635,"date":"2016-08-04T18:37:04","date_gmt":"2016-08-04T18:37:04","guid":{"rendered":"http:\/\/archiv.szolnoktv.hu\/?p=15635"},"modified":"2021-08-26T08:06:24","modified_gmt":"2021-08-26T08:06:24","slug":"reintegracios-orizet","status":"publish","type":"post","link":"http:\/\/archiv.szolnoktv.hu\/?p=15635","title":{"rendered":"Reintegr\u00e1ci\u00f3s \u0151rizet"},"content":{"rendered":"<div class='booster-block booster-read-block'><\/div><p>Orsz\u00e1gos viszonylatban mintegy 170 el\u00edt\u00e9lt t\u00f6lti jelenleg b\u00fcntet\u00e9s\u00e9nek utols\u00f3 h\u00f3napjait un. reintegr\u00e1ci\u00f3s \u0151rizetben. A J\u00e1sz- Nagykun- Szolnok Megyei B\u00fcntet\u00e9sv\u00e9grehajt\u00e1si Int\u00e9zetb\u0151l is majd tucatnyian kaptak ellen\u0151rz\u00f6tt elt\u00e1voz\u00e1st, hogy id\u0151ben megkezdhess\u00e9k visszailleszked\u00e9s\u00fcket a mindennapi \u00e9letbe. A tapasztalatokat \u00f6sszegezt\u00e9k ma a szakemberek \u00e9s az \u00e9rintettek.<\/p>\n<p>A &#8220;reintegr\u00e1ci\u00f3s&#8221;&#8221; azaz visszailleszked\u00e9st seg\u00edt\u0151 \u0151rizet int\u00e9zm\u00e9ny\u00e9t \u00e9ppen egy \u00e9ve vezett\u00e9k be. &#8220;&#8221;Egy\u00fcttm\u0171k\u00f6dve a b\u00edr\u00f3s\u00e1gokkal term\u00e9szetesen \u00e9s az igazs\u00e1g\u00fcgy szerepl\u0151ivel azon elk\u00f6vet\u0151k r\u00e9szes\u00fclhetnek ebben a jogint\u00e9zm\u00e9nyben akik a szabads\u00e1gveszt\u00e9s b\u00fcntet\u00e9se az 5 \u00e9vet nem haladja meg, nem er\u0151szakos elk\u00f6vet\u0151 \u00e9s a szabads\u00e1gveszt\u00e9s eredm\u00e9nyesen egy\u00fcttm\u0171k\u00f6dve a b\u00fcntet\u00e9s v\u00e9grehajt\u00e1ssal. Els\u0151 b\u0171nt\u00e9nyesekr\u0151l besz\u00e9l\u00fcnk kriminalit\u00e1s tekintet\u00e9ben \u00e9s az utols\u00f3 hat h\u00f3napot t\u00f6lthetik otthonukban.&#8221;&#8221;- mondta el k\u00e9rd\u00e9s\u00fcnkre Dr. Bogoty\u00e1n R\u00f3bert bv. ezredes, a B\u00fcntet\u00e9s- v\u00e9grehajt\u00e1s Orsz\u00e1gos Parancsnoks\u00e1g szolg\u00e1latvezet\u0151je. A viszonylagos szabads\u00e1g persze nem jelenti azt, hogy az el\u00edt\u00e9lt mozg\u00e1s\u00e1t ne figyeln\u00e9k. Egy jelad\u00f3 k\u00e9sz\u00fcl\u00e9k van a l\u00e1bukon, ezzel kontroll\u00e1lj\u00e1k, hogy merre mozog a fogvatartott \u00e9s hogy tartja be azokat a szab\u00e1lyokat amiket a BV b\u00edr\u00f3 meghat\u00e1roz. A tavaly bevezetett lehet\u0151s\u00e9ggel eddig 475- en \u00e9lhettek- hangzott el a Verseghy K\u00f6nyvt\u00e1rban tartott megbesz\u00e9l\u00e9sen, ahol kider\u00fclt az is, hogy magyar specialit\u00e1rs\u00f3l van sz\u00f3.<br \/>  &#8221;<br \/>\n<div style=\"width: 640px;\" class=\"wp-video\"><!--[if lt IE 9]><script>document.createElement('video');<\/script><![endif]-->\n<video class=\"wp-video-shortcode\" id=\"video-15635-1\" width=\"640\" height=\"360\" preload=\"metadata\" controls=\"controls\"><source type=\"video\/mp4\" src=\"\/spots\/hir\/hir_160804_01.mp4?_=1\" \/><a href=\"\/spots\/hir\/hir_160804_01.mp4\">\/spots\/hir\/hir_160804_01.mp4<\/a><\/video><\/div><\/p>\n","protected":false},"excerpt":{"rendered":"<p>Orsz\u00e1gos viszonylatban mintegy 170 el\u00edt\u00e9lt t\u00f6lti jelenleg b\u00fcntet\u00e9s\u00e9nek utols\u00f3 h\u00f3napjait un. reintegr\u00e1ci\u00f3s \u0151rizetben. A J\u00e1sz- Nagykun- Szolnok Megyei B\u00fcntet\u00e9sv\u00e9grehajt\u00e1si Int\u00e9zetb\u0151l is majd tucatnyian kaptak ellen\u0151rz\u00f6tt elt\u00e1voz\u00e1st, hogy id\u0151ben megkezdhess\u00e9k visszailleszked\u00e9s\u00fcket a mindennapi \u00e9letbe. A tapasztalatokat \u00f6sszegezt\u00e9k ma a szakemberek \u00e9s az \u00e9rintettek. A &#8220;reintegr\u00e1ci\u00f3s&#8221;&#8221; azaz visszailleszked\u00e9st seg\u00edt\u0151 \u0151rizet int\u00e9zm\u00e9ny\u00e9t \u00e9ppen egy \u00e9ve vezett\u00e9k be. &#8220;&#8221;Egy\u00fcttm\u0171k\u00f6dve [&hellip;]<\/p>\n","protected":false},"author":2,"featured_media":0,"comment_status":"closed","ping_status":"closed","sticky":false,"template":"","format":"standard","meta":[],"categories":[16],"tags":[],"_links":{"self":[{"href":"http:\/\/archiv.szolnoktv.hu\/index.php?rest_route=\/wp\/v2\/posts\/15635"}],"collection":[{"href":"http:\/\/archiv.szolnoktv.hu\/index.php?rest_route=\/wp\/v2\/posts"}],"about":[{"href":"http:\/\/archiv.szolnoktv.hu\/index.php?rest_route=\/wp\/v2\/types\/post"}],"author":[{"embeddable":true,"href":"http:\/\/archiv.szolnoktv.hu\/index.php?rest_route=\/wp\/v2\/users\/2"}],"replies":[{"embeddable":true,"href":"http:\/\/archiv.szolnoktv.hu\/index.php?rest_route=%2Fwp%2Fv2%2Fcomments&post=15635"}],"version-history":[{"count":1,"href":"http:\/\/archiv.szolnoktv.hu\/index.php?rest_route=\/wp\/v2\/posts\/15635\/revisions"}],"predecessor-version":[{"id":15744,"href":"http:\/\/archiv.szolnoktv.hu\/index.php?rest_route=\/wp\/v2\/posts\/15635\/revisions\/15744"}],"wp:attachment":[{"href":"http:\/\/archiv.szolnoktv.hu\/index.php?rest_route=%2Fwp%2Fv2%2Fmedia&parent=15635"}],"wp:term":[{"taxonomy":"category","embeddable":true,"href":"http:\/\/archiv.szolnoktv.hu\/index.php?rest_route=%2Fwp%2Fv2%2Fcategories&post=15635"},{"taxonomy":"post_tag","embeddable":true,"href":"http:\/\/archiv.szolnoktv.hu\/index.php?rest_route=%2Fwp%2Fv2%2Ftags&post=15635"}],"curies":[{"name":"wp","href":"https:\/\/api.w.org\/{rel}","templated":true}]}}