{"id":15634,"date":"2016-08-04T18:36:08","date_gmt":"2016-08-04T18:36:08","guid":{"rendered":"http:\/\/archiv.szolnoktv.hu\/?p=15634"},"modified":"2021-08-26T08:06:24","modified_gmt":"2021-08-26T08:06:24","slug":"beregszaszrol-erkezett-a-viz-a-karpat-medence-kenyerehez","status":"publish","type":"post","link":"http:\/\/archiv.szolnoktv.hu\/?p=15634","title":{"rendered":"Beregsz\u00e1szr\u00f3l \u00e9rkezett a v\u00edz a K\u00e1rp\u00e1t-medence kenyer\u00e9hez"},"content":{"rendered":"<div class='booster-block booster-read-block'><\/div><p>K\u00e1rp\u00e1talja magyarlakta ter\u00fcleteinek egyik legjelent\u0151sebb k\u00f6zpontj\u00e1ban, Beregsz\u00e1szon j\u00e1rt st\u00e1bunk szerd\u00e1n. Id\u00e9n hatodik alkalommal s\u00fctj\u00fck meg a K\u00e1rp\u00e1t-medence kenyer\u00e9t, melynek \u00f6sszetev\u0151i az el\u0151z\u0151 \u00e9vekhez hasonl\u00f3an a Trianonban elcsatolt ter\u00fcletekr\u0151l \u00e9rkeznek. Beregsz\u00e1szr\u00f3l a keny\u00e9r megs\u00fct\u00e9s\u00e9hez sz\u00fcks\u00e9ges vizet hoztuk.<\/p>\n<p>K\u00e1rp\u00e1talja magyarlakta ter\u00fcleteinek egyik legjelent\u0151sebb k\u00f6zpontj\u00e1ban, Beregsz\u00e1szon j\u00e1rt st\u00e1bunk szerd\u00e1n. Id\u00e9n hatodik alkalommal s\u00fctj\u00fck meg a K\u00e1rp\u00e1t-medence kenyer\u00e9t, melynek \u00f6sszetev\u0151i az el\u0151z\u0151 \u00e9vekhez hasonl\u00f3an a Trianonban elcsatolt ter\u00fcletekr\u0151l \u00e9rkeznek. Beregsz\u00e1szr\u00f3l a keny\u00e9r megs\u00fct\u00e9s\u00e9hez sz\u00fcks\u00e9ges vizet hoztuk. Az el\u0151z\u0151ekhez hasonl\u00f3an ebben az \u00e9vben is K\u00e9zi L\u00e1szl\u00f3 p\u00e9kmester k\u00e9pviseli majd augusztus 19-e \u00e9s 20-a k\u00f6z\u00f6tt Szolnokon a K\u00e1rp\u00e1t-medence Kenyere programon. Id\u00e9n 300 kilogrammos kenyeret s\u00fctnek majd a M\u0171v\u00e9sztelep kemenc\u00e9j\u00e9ben az anyaorsz\u00e1gi \u00e9s az elcsatolt ter\u00fcletek mesterei. Az elm\u00falt \u00e9vekhez hasonl\u00f3an a Szolnok TV st\u00e1bja Beregsz\u00e1szra is k\u00fcld egy 60 kilogrammos kenyeret az ottani \u00fcnneps\u00e9gre.<br \/>\n<div style=\"width: 640px;\" class=\"wp-video\"><!--[if lt IE 9]><script>document.createElement('video');<\/script><![endif]-->\n<video class=\"wp-video-shortcode\" id=\"video-15634-1\" width=\"640\" height=\"360\" preload=\"metadata\" controls=\"controls\"><source type=\"video\/mp4\" src=\"\/spots\/hir\/hir_160804_02.mp4?_=1\" \/><a href=\"\/spots\/hir\/hir_160804_02.mp4\">\/spots\/hir\/hir_160804_02.mp4<\/a><\/video><\/div><\/p>\n","protected":false},"excerpt":{"rendered":"<p>K\u00e1rp\u00e1talja magyarlakta ter\u00fcleteinek egyik legjelent\u0151sebb k\u00f6zpontj\u00e1ban, Beregsz\u00e1szon j\u00e1rt st\u00e1bunk szerd\u00e1n. Id\u00e9n hatodik alkalommal s\u00fctj\u00fck meg a K\u00e1rp\u00e1t-medence kenyer\u00e9t, melynek \u00f6sszetev\u0151i az el\u0151z\u0151 \u00e9vekhez hasonl\u00f3an a Trianonban elcsatolt ter\u00fcletekr\u0151l \u00e9rkeznek. Beregsz\u00e1szr\u00f3l a keny\u00e9r megs\u00fct\u00e9s\u00e9hez sz\u00fcks\u00e9ges vizet hoztuk. K\u00e1rp\u00e1talja magyarlakta ter\u00fcleteinek egyik legjelent\u0151sebb k\u00f6zpontj\u00e1ban, Beregsz\u00e1szon j\u00e1rt st\u00e1bunk szerd\u00e1n. Id\u00e9n hatodik alkalommal s\u00fctj\u00fck meg a K\u00e1rp\u00e1t-medence kenyer\u00e9t, melynek [&hellip;]<\/p>\n","protected":false},"author":2,"featured_media":0,"comment_status":"closed","ping_status":"closed","sticky":false,"template":"","format":"standard","meta":[],"categories":[16],"tags":[],"_links":{"self":[{"href":"http:\/\/archiv.szolnoktv.hu\/index.php?rest_route=\/wp\/v2\/posts\/15634"}],"collection":[{"href":"http:\/\/archiv.szolnoktv.hu\/index.php?rest_route=\/wp\/v2\/posts"}],"about":[{"href":"http:\/\/archiv.szolnoktv.hu\/index.php?rest_route=\/wp\/v2\/types\/post"}],"author":[{"embeddable":true,"href":"http:\/\/archiv.szolnoktv.hu\/index.php?rest_route=\/wp\/v2\/users\/2"}],"replies":[{"embeddable":true,"href":"http:\/\/archiv.szolnoktv.hu\/index.php?rest_route=%2Fwp%2Fv2%2Fcomments&post=15634"}],"version-history":[{"count":1,"href":"http:\/\/archiv.szolnoktv.hu\/index.php?rest_route=\/wp\/v2\/posts\/15634\/revisions"}],"predecessor-version":[{"id":15745,"href":"http:\/\/archiv.szolnoktv.hu\/index.php?rest_route=\/wp\/v2\/posts\/15634\/revisions\/15745"}],"wp:attachment":[{"href":"http:\/\/archiv.szolnoktv.hu\/index.php?rest_route=%2Fwp%2Fv2%2Fmedia&parent=15634"}],"wp:term":[{"taxonomy":"category","embeddable":true,"href":"http:\/\/archiv.szolnoktv.hu\/index.php?rest_route=%2Fwp%2Fv2%2Fcategories&post=15634"},{"taxonomy":"post_tag","embeddable":true,"href":"http:\/\/archiv.szolnoktv.hu\/index.php?rest_route=%2Fwp%2Fv2%2Ftags&post=15634"}],"curies":[{"name":"wp","href":"https:\/\/api.w.org\/{rel}","templated":true}]}}