{"id":15633,"date":"2016-08-04T18:33:16","date_gmt":"2016-08-04T18:33:16","guid":{"rendered":"http:\/\/archiv.szolnoktv.hu\/?p=15633"},"modified":"2021-08-26T08:06:24","modified_gmt":"2021-08-26T08:06:24","slug":"indul-a-parti-tura","status":"publish","type":"post","link":"http:\/\/archiv.szolnoktv.hu\/?p=15633","title":{"rendered":"Indul a Parti-T\u00fara"},"content":{"rendered":"<div class='booster-block booster-read-block'><\/div><p>A komolyzene ism\u00e9t kik\u00f6lt\u00f6zik az utc\u00e1ra. J\u00f6v\u0151 szombaton indul \u00fatj\u00e1ra az 5. Parti-T\u00fara. A 3 el\u0151ad\u00e1st tekintve most szak\u00edtanak a hagyom\u00e1nyokkal \u00e9s a nemcsak a Tiszai Haj\u00f3sok Ter\u00e9n, hanem a Sz\u00e9chenyi Lak\u00f3telepen is rendeznek nagykoncertet. A r\u00e9szletekr\u0151l sajt\u00f3t\u00e1j\u00e9koztat\u00f3n sz\u00e1moltak be.<\/p>\n<p>2012-ben azzal a sz\u00e1nd\u00e9kkal indult a Parti-T\u00fara, hogy azokat a szolnokiakat is bevonj\u00e1k a komolyzenei \u00e9letbe, akik nem koncertl\u00e1togat\u00f3k, nem j\u00e1rnak rendszeresen hangversenyre.  Ez\u00fattal azonban szak\u00edtanak a hagyom\u00e1nyokkal, nemcsak a Tiszai -Haj\u00f3sok Ter\u00e9n, hanem a Sz\u00e9chenyi Lak\u00f3telepen is hangversenyt ad a zenekar. Augusztus 13-\u00e1n szombaton a Tiszai Haj\u00f3sok ter\u00e9n a legnemesebb, leggazdagabb hangszerel\u00e9s\u0171, klasszikus zenei hangversenyt rendezik. Egy h\u00e9ttel k\u00e9s\u0151bb augusztus 26-\u00e1n a Sz\u00e9chenyi Lak\u00f3telepen a Z\u00f6ld h\u00e1zn\u00e1l elevenednek meg a mozifilmek. A Mozivar\u00e1zs c. koncerten a legsikeresebb Walt Disnay-produkci\u00f3k, a Csillagok h\u00e1bor\u00faja, az Indiana Jones vagy a Superman zen\u00e9it hallhatja a k\u00f6z\u00f6ns\u00e9g. Augusztus 27-\u00e9n pedig a tiszai Haj\u00f3sok ter\u00e9n viszik sz\u00ednre nagyzenekari k\u00eds\u00e9rettel a Denev\u00e9r c. darabot. A szerepl\u0151k jelmezben, de d\u00edszlet n\u00e9lk\u00fcl l\u00e9pnek a k\u00f6z\u00f6ns\u00e9g el\u00e9. Kevesebb pr\u00f3za \u00e9s sok sok zene, a m\u00e9lt\u00e1n h\u00edres operett legn\u00e9pszer\u0171bb dalaival. Az els\u0151 k\u00e9t koncertet Izaki Maszahiro, a Denev\u00e9rt pedig Cser \u00c1d\u00e1m vez\u00e9nyli majd. Valamennyi hangversenyre 1800-2000 n\u00e9z\u0151t v\u00e1rnak.<br \/>\n<div style=\"width: 640px;\" class=\"wp-video\"><!--[if lt IE 9]><script>document.createElement('video');<\/script><![endif]-->\n<video class=\"wp-video-shortcode\" id=\"video-15633-1\" width=\"640\" height=\"360\" preload=\"metadata\" controls=\"controls\"><source type=\"video\/mp4\" src=\"\/spots\/hir\/hir_160804_04.mp4?_=1\" \/><a href=\"\/spots\/hir\/hir_160804_04.mp4\">\/spots\/hir\/hir_160804_04.mp4<\/a><\/video><\/div><\/p>\n","protected":false},"excerpt":{"rendered":"<p>A komolyzene ism\u00e9t kik\u00f6lt\u00f6zik az utc\u00e1ra. J\u00f6v\u0151 szombaton indul \u00fatj\u00e1ra az 5. Parti-T\u00fara. A 3 el\u0151ad\u00e1st tekintve most szak\u00edtanak a hagyom\u00e1nyokkal \u00e9s a nemcsak a Tiszai Haj\u00f3sok Ter\u00e9n, hanem a Sz\u00e9chenyi Lak\u00f3telepen is rendeznek nagykoncertet. A r\u00e9szletekr\u0151l sajt\u00f3t\u00e1j\u00e9koztat\u00f3n sz\u00e1moltak be. 2012-ben azzal a sz\u00e1nd\u00e9kkal indult a Parti-T\u00fara, hogy azokat a szolnokiakat is bevonj\u00e1k a komolyzenei [&hellip;]<\/p>\n","protected":false},"author":2,"featured_media":0,"comment_status":"closed","ping_status":"closed","sticky":false,"template":"","format":"standard","meta":[],"categories":[16],"tags":[],"_links":{"self":[{"href":"http:\/\/archiv.szolnoktv.hu\/index.php?rest_route=\/wp\/v2\/posts\/15633"}],"collection":[{"href":"http:\/\/archiv.szolnoktv.hu\/index.php?rest_route=\/wp\/v2\/posts"}],"about":[{"href":"http:\/\/archiv.szolnoktv.hu\/index.php?rest_route=\/wp\/v2\/types\/post"}],"author":[{"embeddable":true,"href":"http:\/\/archiv.szolnoktv.hu\/index.php?rest_route=\/wp\/v2\/users\/2"}],"replies":[{"embeddable":true,"href":"http:\/\/archiv.szolnoktv.hu\/index.php?rest_route=%2Fwp%2Fv2%2Fcomments&post=15633"}],"version-history":[{"count":1,"href":"http:\/\/archiv.szolnoktv.hu\/index.php?rest_route=\/wp\/v2\/posts\/15633\/revisions"}],"predecessor-version":[{"id":15746,"href":"http:\/\/archiv.szolnoktv.hu\/index.php?rest_route=\/wp\/v2\/posts\/15633\/revisions\/15746"}],"wp:attachment":[{"href":"http:\/\/archiv.szolnoktv.hu\/index.php?rest_route=%2Fwp%2Fv2%2Fmedia&parent=15633"}],"wp:term":[{"taxonomy":"category","embeddable":true,"href":"http:\/\/archiv.szolnoktv.hu\/index.php?rest_route=%2Fwp%2Fv2%2Fcategories&post=15633"},{"taxonomy":"post_tag","embeddable":true,"href":"http:\/\/archiv.szolnoktv.hu\/index.php?rest_route=%2Fwp%2Fv2%2Ftags&post=15633"}],"curies":[{"name":"wp","href":"https:\/\/api.w.org\/{rel}","templated":true}]}}