{"id":15632,"date":"2016-08-04T18:32:09","date_gmt":"2016-08-04T18:32:09","guid":{"rendered":"http:\/\/archiv.szolnoktv.hu\/?p=15632"},"modified":"2021-08-26T08:06:24","modified_gmt":"2021-08-26T08:06:24","slug":"megerkeztek-a-tankonyvek-az-iskolakba","status":"publish","type":"post","link":"http:\/\/archiv.szolnoktv.hu\/?p=15632","title":{"rendered":"Meg\u00e9rkeztek a tank\u00f6nyvek az iskol\u00e1kba"},"content":{"rendered":"<div class='booster-block booster-read-block'><\/div><p>Valamennyi szolnoki iskol\u00e1ban z\u00e1rt kapukat tal\u00e1lunk. Szerd\u00e1nk\u00e9nt tartanak \u00fcgyeletet. \u00cdgy erre a napja id\u0151z\u00edtett\u00e9k a tank\u00f6nyv-kisz\u00e1ll\u00edt\u00e1st is. Iskol\u00e1nk\u00e9nt v\u00e1ltoz\u00f3, hogy m\u00e9g augusztusban, vagy majd  a tan\u00e9v els\u0151 napj\u00e1n kapj\u00e1k majd meg a di\u00e1kok a k\u00f6nyveket, a sz\u00fcl\u0151k pedig a befizet\u00e9sre v\u00e1r\u00f3 csekkeket.<\/p>\n<p>B\u00e1r az iskol\u00e1k m\u00e9g z\u00e1rva vannak, a tan\u00e1rok pedig szabads\u00e1gon, a tank\u00f6nyveket m\u00e1r kisz\u00e1ll\u00edtott\u00e1k a szolnoki int\u00e9zm\u00e9nyekbe.  A tank\u00f6nyvek sz\u00e9pek, tartalmasak. <br \/> A negyedikesek p\u00e9ld\u00e1ul a p\u00e9nzr\u0151l is tanulnak majd matematika \u00f3r\u00e1n, de szeptembert\u0151l veszik a k\u00e9tjegy\u0171 szorz\u00f3s m\u0171veleteket is. Izgalmas ,\u00faj ismeretekre is szert tesznek majd, megtanulj\u00e1k pl. a F\u00f6ld bolyg\u00f3testv\u00e9reit, de besz\u00e9lnek majd az energiafogyaszt\u00e1sr\u00f3l is.<br \/>\n<div style=\"width: 640px;\" class=\"wp-video\"><!--[if lt IE 9]><script>document.createElement('video');<\/script><![endif]-->\n<video class=\"wp-video-shortcode\" id=\"video-15632-1\" width=\"640\" height=\"360\" preload=\"metadata\" controls=\"controls\"><source type=\"video\/mp4\" src=\"\/spots\/hir\/hir_160804_03.mp4?_=1\" \/><a href=\"\/spots\/hir\/hir_160804_03.mp4\">\/spots\/hir\/hir_160804_03.mp4<\/a><\/video><\/div><\/p>\n","protected":false},"excerpt":{"rendered":"<p>Valamennyi szolnoki iskol\u00e1ban z\u00e1rt kapukat tal\u00e1lunk. Szerd\u00e1nk\u00e9nt tartanak \u00fcgyeletet. \u00cdgy erre a napja id\u0151z\u00edtett\u00e9k a tank\u00f6nyv-kisz\u00e1ll\u00edt\u00e1st is. Iskol\u00e1nk\u00e9nt v\u00e1ltoz\u00f3, hogy m\u00e9g augusztusban, vagy majd a tan\u00e9v els\u0151 napj\u00e1n kapj\u00e1k majd meg a di\u00e1kok a k\u00f6nyveket, a sz\u00fcl\u0151k pedig a befizet\u00e9sre v\u00e1r\u00f3 csekkeket. B\u00e1r az iskol\u00e1k m\u00e9g z\u00e1rva vannak, a tan\u00e1rok pedig szabads\u00e1gon, a tank\u00f6nyveket m\u00e1r [&hellip;]<\/p>\n","protected":false},"author":2,"featured_media":0,"comment_status":"closed","ping_status":"closed","sticky":false,"template":"","format":"standard","meta":[],"categories":[16],"tags":[],"_links":{"self":[{"href":"http:\/\/archiv.szolnoktv.hu\/index.php?rest_route=\/wp\/v2\/posts\/15632"}],"collection":[{"href":"http:\/\/archiv.szolnoktv.hu\/index.php?rest_route=\/wp\/v2\/posts"}],"about":[{"href":"http:\/\/archiv.szolnoktv.hu\/index.php?rest_route=\/wp\/v2\/types\/post"}],"author":[{"embeddable":true,"href":"http:\/\/archiv.szolnoktv.hu\/index.php?rest_route=\/wp\/v2\/users\/2"}],"replies":[{"embeddable":true,"href":"http:\/\/archiv.szolnoktv.hu\/index.php?rest_route=%2Fwp%2Fv2%2Fcomments&post=15632"}],"version-history":[{"count":1,"href":"http:\/\/archiv.szolnoktv.hu\/index.php?rest_route=\/wp\/v2\/posts\/15632\/revisions"}],"predecessor-version":[{"id":15747,"href":"http:\/\/archiv.szolnoktv.hu\/index.php?rest_route=\/wp\/v2\/posts\/15632\/revisions\/15747"}],"wp:attachment":[{"href":"http:\/\/archiv.szolnoktv.hu\/index.php?rest_route=%2Fwp%2Fv2%2Fmedia&parent=15632"}],"wp:term":[{"taxonomy":"category","embeddable":true,"href":"http:\/\/archiv.szolnoktv.hu\/index.php?rest_route=%2Fwp%2Fv2%2Fcategories&post=15632"},{"taxonomy":"post_tag","embeddable":true,"href":"http:\/\/archiv.szolnoktv.hu\/index.php?rest_route=%2Fwp%2Fv2%2Ftags&post=15632"}],"curies":[{"name":"wp","href":"https:\/\/api.w.org\/{rel}","templated":true}]}}