{"id":15631,"date":"2016-08-03T19:22:43","date_gmt":"2016-08-03T19:22:43","guid":{"rendered":"http:\/\/archiv.szolnoktv.hu\/?p=15631"},"modified":"2021-08-26T08:06:25","modified_gmt":"2021-08-26T08:06:25","slug":"xaveri-kapolna-olomuveg-ablakok","status":"publish","type":"post","link":"http:\/\/archiv.szolnoktv.hu\/?p=15631","title":{"rendered":"Xav\u00e9ri k\u00e1polna \u00f3lom\u00fcveg ablakok"},"content":{"rendered":"<div class='booster-block booster-read-block'><\/div><p>Szolnok egyes v\u00e1rosr\u00e9szei is felfedezhet\u0151k a Xav\u00e9ri Szent Ferenc K\u00e1polna \u00faj, festett \u00f3lom\u00fcveg ablakain, melyek egyel\u0151re m\u00e9g az alkot\u00f3n\u00e1l pihennek. Verebes Gy\u00f6rgy fest\u0151m\u0171v\u00e9sz munk\u00e1it szentmise keret\u00e9ben \u00e1ldj\u00e1k meg a h\u00e9tv\u00e9g\u00e9n.<\/p>\n<p> Szokatlan, ha egy nagy m\u00falt\u00fa \u00e9p\u00fcletet nem csup\u00e1n restaur\u00e1lnak, hanem eleddig nem l\u00e1tott d\u00edsz\u00edt\u0151 elemekkel is gazdag\u00edtanak. B\u00e1r a mai Ady Endre \u00fat mellett \u00e1ll\u00f3 Xav\u00e9ri k\u00e1poln\u00e1nak v\u00e9lhet\u0151en soha nem voltak festett ablakai, most el\u00e9rkezett az id\u0151, hogy a f\u00e9ny sz\u00ednes \u00fcveg kazett\u00e1kon \u00e1tsz\u0171r\u0151dve kopogtasson az \u00e9p\u00fcletbe. Az \u00f6tletet kor\u00e1bban Verebes Gy\u00f6rgy fest\u0151m\u0171v\u00e9sz vetette f\u00f6l. A k\u00f6z\u00e9pkorban elterjedt elj\u00e1r\u00e1s l\u00e9nyege, hogy a kih\u0171lt \u00fcvegbubor\u00e9kokat hideg k\u0151lapon lap\u00edtott\u00e1k, sz\u00ednez\u00e9k \u00e9s fogatt\u00e1k \u00f3lomperemes kazett\u00e1kba. B\u00e1r ma m\u00e1r nem akad\u00e1ly az elj\u00e1r\u00e1ssal kiv\u00e1ltott s\u00edk\u00fcveg legy\u00e1rt\u00e1sa, a festett, k\u00e9zi munk\u00e1val \u00f6ssze\u00e1ll\u00edtott ablakt\u00e1bla hangulata p\u00e1ratlan mili\u0151t ad. A Xav\u00e9ri K\u00e1polna r\u00e9sz\u00e9re 4 darabot k\u00e9sz\u00edtett el Verebes Gy\u00f6rgy. Az \u00f3lom\u00fcveg alkot\u00e1sokat hamarosan be\u00e9p\u00edtik a k\u00e1polna ablakf\u00fclk\u00e9ibe. Mivel a ny\u00edl\u00e1sok magasan vannak- a bent tart\u00f3zkod\u00f3 h\u00edvekhez az \u00e9g k\u00e9kj\u00e9n, a felh\u0151k\u00f6n \u00e1tsz\u0171r\u0151d\u0151, majd a festm\u00e9nyeken megt\u00f6r\u0151 f\u00e9ny j\u00e1t\u00e9ka jut be. \u00cdgy szinte minden napszakban m\u00e1s- \u00e9s m\u00e1s hangulatot sug\u00e1roznak majd a szentek k\u00e9pei.<br \/>\n<div style=\"width: 640px;\" class=\"wp-video\"><!--[if lt IE 9]><script>document.createElement('video');<\/script><![endif]-->\n<video class=\"wp-video-shortcode\" id=\"video-15631-1\" width=\"640\" height=\"360\" preload=\"metadata\" controls=\"controls\"><source type=\"video\/mp4\" src=\"\/spots\/hir\/hir_160803_04.mp4?_=1\" \/><a href=\"\/spots\/hir\/hir_160803_04.mp4\">\/spots\/hir\/hir_160803_04.mp4<\/a><\/video><\/div><\/p>\n","protected":false},"excerpt":{"rendered":"<p>Szolnok egyes v\u00e1rosr\u00e9szei is felfedezhet\u0151k a Xav\u00e9ri Szent Ferenc K\u00e1polna \u00faj, festett \u00f3lom\u00fcveg ablakain, melyek egyel\u0151re m\u00e9g az alkot\u00f3n\u00e1l pihennek. Verebes Gy\u00f6rgy fest\u0151m\u0171v\u00e9sz munk\u00e1it szentmise keret\u00e9ben \u00e1ldj\u00e1k meg a h\u00e9tv\u00e9g\u00e9n. Szokatlan, ha egy nagy m\u00falt\u00fa \u00e9p\u00fcletet nem csup\u00e1n restaur\u00e1lnak, hanem eleddig nem l\u00e1tott d\u00edsz\u00edt\u0151 elemekkel is gazdag\u00edtanak. B\u00e1r a mai Ady Endre \u00fat mellett \u00e1ll\u00f3 [&hellip;]<\/p>\n","protected":false},"author":2,"featured_media":0,"comment_status":"closed","ping_status":"closed","sticky":false,"template":"","format":"standard","meta":[],"categories":[16],"tags":[],"_links":{"self":[{"href":"http:\/\/archiv.szolnoktv.hu\/index.php?rest_route=\/wp\/v2\/posts\/15631"}],"collection":[{"href":"http:\/\/archiv.szolnoktv.hu\/index.php?rest_route=\/wp\/v2\/posts"}],"about":[{"href":"http:\/\/archiv.szolnoktv.hu\/index.php?rest_route=\/wp\/v2\/types\/post"}],"author":[{"embeddable":true,"href":"http:\/\/archiv.szolnoktv.hu\/index.php?rest_route=\/wp\/v2\/users\/2"}],"replies":[{"embeddable":true,"href":"http:\/\/archiv.szolnoktv.hu\/index.php?rest_route=%2Fwp%2Fv2%2Fcomments&post=15631"}],"version-history":[{"count":1,"href":"http:\/\/archiv.szolnoktv.hu\/index.php?rest_route=\/wp\/v2\/posts\/15631\/revisions"}],"predecessor-version":[{"id":15748,"href":"http:\/\/archiv.szolnoktv.hu\/index.php?rest_route=\/wp\/v2\/posts\/15631\/revisions\/15748"}],"wp:attachment":[{"href":"http:\/\/archiv.szolnoktv.hu\/index.php?rest_route=%2Fwp%2Fv2%2Fmedia&parent=15631"}],"wp:term":[{"taxonomy":"category","embeddable":true,"href":"http:\/\/archiv.szolnoktv.hu\/index.php?rest_route=%2Fwp%2Fv2%2Fcategories&post=15631"},{"taxonomy":"post_tag","embeddable":true,"href":"http:\/\/archiv.szolnoktv.hu\/index.php?rest_route=%2Fwp%2Fv2%2Ftags&post=15631"}],"curies":[{"name":"wp","href":"https:\/\/api.w.org\/{rel}","templated":true}]}}