{"id":15568,"date":"2016-08-03T15:10:41","date_gmt":"2016-08-03T15:10:41","guid":{"rendered":"http:\/\/archiv.szolnoktv.hu\/?p=15568"},"modified":"2021-08-26T07:28:10","modified_gmt":"2021-08-26T07:28:10","slug":"nem-keresnek-alberletet-a-diakok","status":"publish","type":"post","link":"http:\/\/archiv.szolnoktv.hu\/?p=15568","title":{"rendered":"Nem keresnek alb\u00e9rletet a di\u00e1kok"},"content":{"rendered":"<div class='booster-block booster-read-block'><\/div><p>Orsz\u00e1gszerte most keresik a szeptembert\u0151l a fels\u0151oktat\u00e1sban tanul\u00f3 di\u00e1kok az alb\u00e9rleteket. Szolnokon azonban nem a di\u00e1kok, hanem a sportol\u00f3k vesznek ki t\u00f6bb alb\u00e9rletet.<\/p>\n<p>Legt\u00f6bben ismer\u0151s\u00f6n vagy a k\u00f6z\u00f6ss\u00e9gi oldalon kereszt\u00fcl tal\u00e1lj\u00e1k meg a megfelel\u0151 lak\u00e1st. A szolnoki f\u0151iskol\u00e1sok t\u00f6bbs\u00e9ge koll\u00e9giumi elhelyez\u00e9st kap. A p\u00f3tfelv\u00e9telik m\u00e9g ezut\u00e1n kezd\u0151dnek, \u00edgy augusztus 2. fel\u00e9re der\u00fcl ki, h\u00e1nyan kezdik meg Szolnokon fels\u0151fok\u00fa tanulm\u00e1nyaikat.<br \/>\n<div style=\"width: 640px;\" class=\"wp-video\"><!--[if lt IE 9]><script>document.createElement('video');<\/script><![endif]-->\n<video class=\"wp-video-shortcode\" id=\"video-15568-1\" width=\"640\" height=\"360\" preload=\"metadata\" controls=\"controls\"><source type=\"video\/mp4\" src=\"\/spots\/hir\/hir_160803_01.mp4?_=1\" \/><a href=\"\/spots\/hir\/hir_160803_01.mp4\">\/spots\/hir\/hir_160803_01.mp4<\/a><\/video><\/div><\/p>\n","protected":false},"excerpt":{"rendered":"<p>Orsz\u00e1gszerte most keresik a szeptembert\u0151l a fels\u0151oktat\u00e1sban tanul\u00f3 di\u00e1kok az alb\u00e9rleteket. Szolnokon azonban nem a di\u00e1kok, hanem a sportol\u00f3k vesznek ki t\u00f6bb alb\u00e9rletet. Legt\u00f6bben ismer\u0151s\u00f6n vagy a k\u00f6z\u00f6ss\u00e9gi oldalon kereszt\u00fcl tal\u00e1lj\u00e1k meg a megfelel\u0151 lak\u00e1st. A szolnoki f\u0151iskol\u00e1sok t\u00f6bbs\u00e9ge koll\u00e9giumi elhelyez\u00e9st kap. A p\u00f3tfelv\u00e9telik m\u00e9g ezut\u00e1n kezd\u0151dnek, \u00edgy augusztus 2. fel\u00e9re der\u00fcl ki, h\u00e1nyan kezdik [&hellip;]<\/p>\n","protected":false},"author":2,"featured_media":0,"comment_status":"closed","ping_status":"closed","sticky":false,"template":"","format":"standard","meta":[],"categories":[16],"tags":[],"_links":{"self":[{"href":"http:\/\/archiv.szolnoktv.hu\/index.php?rest_route=\/wp\/v2\/posts\/15568"}],"collection":[{"href":"http:\/\/archiv.szolnoktv.hu\/index.php?rest_route=\/wp\/v2\/posts"}],"about":[{"href":"http:\/\/archiv.szolnoktv.hu\/index.php?rest_route=\/wp\/v2\/types\/post"}],"author":[{"embeddable":true,"href":"http:\/\/archiv.szolnoktv.hu\/index.php?rest_route=\/wp\/v2\/users\/2"}],"replies":[{"embeddable":true,"href":"http:\/\/archiv.szolnoktv.hu\/index.php?rest_route=%2Fwp%2Fv2%2Fcomments&post=15568"}],"version-history":[{"count":1,"href":"http:\/\/archiv.szolnoktv.hu\/index.php?rest_route=\/wp\/v2\/posts\/15568\/revisions"}],"predecessor-version":[{"id":15571,"href":"http:\/\/archiv.szolnoktv.hu\/index.php?rest_route=\/wp\/v2\/posts\/15568\/revisions\/15571"}],"wp:attachment":[{"href":"http:\/\/archiv.szolnoktv.hu\/index.php?rest_route=%2Fwp%2Fv2%2Fmedia&parent=15568"}],"wp:term":[{"taxonomy":"category","embeddable":true,"href":"http:\/\/archiv.szolnoktv.hu\/index.php?rest_route=%2Fwp%2Fv2%2Fcategories&post=15568"},{"taxonomy":"post_tag","embeddable":true,"href":"http:\/\/archiv.szolnoktv.hu\/index.php?rest_route=%2Fwp%2Fv2%2Ftags&post=15568"}],"curies":[{"name":"wp","href":"https:\/\/api.w.org\/{rel}","templated":true}]}}