{"id":15567,"date":"2016-08-02T18:37:57","date_gmt":"2016-08-02T18:37:57","guid":{"rendered":"http:\/\/archiv.szolnoktv.hu\/?p=15567"},"modified":"2021-08-26T07:28:10","modified_gmt":"2021-08-26T07:28:10","slug":"felidejehez-kozeledik-a-patkanygyerites","status":"publish","type":"post","link":"http:\/\/archiv.szolnoktv.hu\/?p=15567","title":{"rendered":"F\u00e9lidej\u00e9hez k\u00f6zeledik a patk\u00e1nygy\u00e9r\u00edt\u00e9s"},"content":{"rendered":"<div class='booster-block booster-read-block'><\/div><p>Napokon bel\u00fcl v\u00e9get \u00e9r az \u00e1tfog\u00f3 v\u00e1rosi patk\u00e1nygy\u00e9r\u00edt\u00e9si program els\u0151 \u00fcteme. A fert\u0151z\u0151 betegs\u00e9geket terjeszt\u0151 r\u00e1gcs\u00e1l\u00f3t speci\u00e1lis m\u00e9reggel irtj\u00e1k. A legfert\u0151z\u00f6ttebb v\u00e1rosr\u00e9szekben t\u00f6bbsz\u00f6r is megism\u00e9tlik a beavatkoz\u00e1st.<\/p>\n<p>A motor \u00fati ingatlanok k\u00f6rny\u00e9k\u00e9n rengeteg a patk\u00e1ny. Az \u00e1llatok annyira elszemtelenedtek, hogy az ajt\u00f3k k\u00fcsz\u00f6be el\u00e9 deszk\u00e1t \u00e1ll\u00edtanak az ott lak\u00f3k, hogy megakad\u00e1lyozz\u00e1k azok bejut\u00e1s\u00e1t. A patk\u00e1nygy\u00e9r\u00edt\u00e9s a tervek szerint halad a megyesz\u00e9khelyen, tudtuk meg D\u00e9nes G\u00e1bort\u00f3l. Az \u00f6nkorm\u00e1nyzat vezet\u0151 f\u0151tan\u00e1csosa elmondta:  &#8220;Ezt k\u00f6vet\u0151en m\u00e9g k\u00e9t \u00fctem van. Teh\u00e1t okt\u00f3ber v\u00e9g\u00e9ig m\u00e9g egyszer ezen a ter\u00fcleten v\u00e9gig kell menni egy ut\u00f3gondoz\u00e1s f\u00e1zist elv\u00e9gezni \u00e9s m\u00e9g december 31- ig is v\u00e9gig kell menni \u00e9s ahol m\u00e9g fogy\u00e1s tapasztalhat\u00f3 ott tov\u00e1bbra is helyezik ki folyamatosan az irt\u00f3anyagot.&#8221;&#8221; A lem\u00e9rgezett \u00e1llatok nagy r\u00e9sze a csatorn\u00e1kban, f\u00f6ld al\u00e1 f\u00fart j\u00e1ratokban pusztul el. Ez\u00e9rt tal\u00e1lni ritk\u00e1n patk\u00e1nytetemet a felsz\u00ednen. A gy\u00e9r\u00edt\u00e9s els\u0151 \u00fcteme k\u00e9t h\u00e9t m\u00falva \u00e9r v\u00e9get.<br \/> &#8221;<br \/>\n<div style=\"width: 640px;\" class=\"wp-video\"><!--[if lt IE 9]><script>document.createElement('video');<\/script><![endif]-->\n<video class=\"wp-video-shortcode\" id=\"video-15567-1\" width=\"640\" height=\"360\" preload=\"metadata\" controls=\"controls\"><source type=\"video\/mp4\" src=\"\/spots\/hir\/hir_160802_01.mp4?_=1\" \/><a href=\"\/spots\/hir\/hir_160802_01.mp4\">\/spots\/hir\/hir_160802_01.mp4<\/a><\/video><\/div><\/p>\n","protected":false},"excerpt":{"rendered":"<p>Napokon bel\u00fcl v\u00e9get \u00e9r az \u00e1tfog\u00f3 v\u00e1rosi patk\u00e1nygy\u00e9r\u00edt\u00e9si program els\u0151 \u00fcteme. A fert\u0151z\u0151 betegs\u00e9geket terjeszt\u0151 r\u00e1gcs\u00e1l\u00f3t speci\u00e1lis m\u00e9reggel irtj\u00e1k. A legfert\u0151z\u00f6ttebb v\u00e1rosr\u00e9szekben t\u00f6bbsz\u00f6r is megism\u00e9tlik a beavatkoz\u00e1st. A motor \u00fati ingatlanok k\u00f6rny\u00e9k\u00e9n rengeteg a patk\u00e1ny. Az \u00e1llatok annyira elszemtelenedtek, hogy az ajt\u00f3k k\u00fcsz\u00f6be el\u00e9 deszk\u00e1t \u00e1ll\u00edtanak az ott lak\u00f3k, hogy megakad\u00e1lyozz\u00e1k azok bejut\u00e1s\u00e1t. A patk\u00e1nygy\u00e9r\u00edt\u00e9s [&hellip;]<\/p>\n","protected":false},"author":2,"featured_media":0,"comment_status":"closed","ping_status":"closed","sticky":false,"template":"","format":"standard","meta":[],"categories":[16],"tags":[],"_links":{"self":[{"href":"http:\/\/archiv.szolnoktv.hu\/index.php?rest_route=\/wp\/v2\/posts\/15567"}],"collection":[{"href":"http:\/\/archiv.szolnoktv.hu\/index.php?rest_route=\/wp\/v2\/posts"}],"about":[{"href":"http:\/\/archiv.szolnoktv.hu\/index.php?rest_route=\/wp\/v2\/types\/post"}],"author":[{"embeddable":true,"href":"http:\/\/archiv.szolnoktv.hu\/index.php?rest_route=\/wp\/v2\/users\/2"}],"replies":[{"embeddable":true,"href":"http:\/\/archiv.szolnoktv.hu\/index.php?rest_route=%2Fwp%2Fv2%2Fcomments&post=15567"}],"version-history":[{"count":1,"href":"http:\/\/archiv.szolnoktv.hu\/index.php?rest_route=\/wp\/v2\/posts\/15567\/revisions"}],"predecessor-version":[{"id":15572,"href":"http:\/\/archiv.szolnoktv.hu\/index.php?rest_route=\/wp\/v2\/posts\/15567\/revisions\/15572"}],"wp:attachment":[{"href":"http:\/\/archiv.szolnoktv.hu\/index.php?rest_route=%2Fwp%2Fv2%2Fmedia&parent=15567"}],"wp:term":[{"taxonomy":"category","embeddable":true,"href":"http:\/\/archiv.szolnoktv.hu\/index.php?rest_route=%2Fwp%2Fv2%2Fcategories&post=15567"},{"taxonomy":"post_tag","embeddable":true,"href":"http:\/\/archiv.szolnoktv.hu\/index.php?rest_route=%2Fwp%2Fv2%2Ftags&post=15567"}],"curies":[{"name":"wp","href":"https:\/\/api.w.org\/{rel}","templated":true}]}}