{"id":15566,"date":"2016-08-02T18:36:51","date_gmt":"2016-08-02T18:36:51","guid":{"rendered":"http:\/\/archiv.szolnoktv.hu\/?p=15566"},"modified":"2021-08-26T07:28:11","modified_gmt":"2021-08-26T07:28:11","slug":"elindult-az-ontozesfejlesztesi-palyazat","status":"publish","type":"post","link":"http:\/\/archiv.szolnoktv.hu\/?p=15566","title":{"rendered":"Elindult az \u00f6nt\u00f6z\u00e9sfejleszt\u00e9si p\u00e1ly\u00e1zat"},"content":{"rendered":"<div class='booster-block booster-read-block'><\/div><p>\u00dajabb t\u00e1mogat\u00e1sok \u00e9rkeznek az agr\u00e1r-szektorba. Augusztus elseje \u00f3ta k\u00f6zel 50 milli\u00e1rd forint t\u00e1mogat\u00e1sra p\u00e1ly\u00e1zhatnak a gazd\u00e1k \u00f6nt\u00f6z\u0151rendszereik fel\u00faj\u00edt\u00e1s\u00e1ra, vagy ki\u00e9p\u00edt\u00e9s\u00e9re. A fejleszt\u00e9sek a term\u00e9shozam n\u00f6veked\u00e9s\u00e9ben is jelent\u0151s szerepet t\u00f6lthetnek be a szakemberek szerint.<\/p>\n<p>\u00dajabb t\u00e1mogat\u00e1sok \u00e9rkeznek az agr\u00e1r-szektorba. Augusztus elseje \u00f3ta k\u00f6zel 50 milli\u00e1rd forint t\u00e1mogat\u00e1sra p\u00e1ly\u00e1zhatnak a gazd\u00e1k \u00f6nt\u00f6z\u0151rendszereik fel\u00faj\u00edt\u00e1s\u00e1ra, vagy ki\u00e9p\u00edt\u00e9s\u00e9re. A fejleszt\u00e9sek a term\u00e9shozam n\u00f6veked\u00e9s\u00e9ben is jelent\u0151s szerepet t\u00f6lthetnek be a szakemberek szerint. A fejleszt\u00e9sekre ford\u00edthat\u00f3 p\u00e9nz k\u00f6lts\u00e9gvet\u00e9si \u00e9s Eur\u00f3pai Uni\u00f3s forr\u00e1sb\u00f3l \u00e1ll a gazd\u00e1k rendelkez\u00e9s\u00e9re. Az Vid\u00e9kfejleszt\u00e9si Program m\u00e1s p\u00e1ly\u00e1zataihoz hasonl\u00f3an az elnyerhet\u0151 vissza nem t\u00e9r\u00edtend\u0151 t\u00e1mogat\u00e1s \u00f6sszege egy\u00e9ni fejleszt\u00e9s eset\u00e9n 500 milli\u00f3, kollekt\u00edv fejleszt\u00e9s eset\u00e9n pedig 1 milli\u00e1rd forint lehet. A p\u00e9nzb\u0151l v\u00edzkiv\u00e9teli m\u0171vek, v\u00edzh\u00e1l\u00f3zati rendszerek \u00e9s \u00f6nt\u00f6z\u0151 berendez\u00e9sek \u00e9p\u00fclhetnek. A p\u00e1ly\u00e1zatokhoz \u00f6ner\u0151 is sz\u00fcks\u00e9ges, amelynek ar\u00e1nya v\u00e1rhat\u00f3an 20% lesz.<br \/>\n<div style=\"width: 640px;\" class=\"wp-video\"><!--[if lt IE 9]><script>document.createElement('video');<\/script><![endif]-->\n<video class=\"wp-video-shortcode\" id=\"video-15566-1\" width=\"640\" height=\"360\" preload=\"metadata\" controls=\"controls\"><source type=\"video\/mp4\" src=\"\/spots\/hir\/hir_160802_04.mp4?_=1\" \/><a href=\"\/spots\/hir\/hir_160802_04.mp4\">\/spots\/hir\/hir_160802_04.mp4<\/a><\/video><\/div><\/p>\n","protected":false},"excerpt":{"rendered":"<p>\u00dajabb t\u00e1mogat\u00e1sok \u00e9rkeznek az agr\u00e1r-szektorba. Augusztus elseje \u00f3ta k\u00f6zel 50 milli\u00e1rd forint t\u00e1mogat\u00e1sra p\u00e1ly\u00e1zhatnak a gazd\u00e1k \u00f6nt\u00f6z\u0151rendszereik fel\u00faj\u00edt\u00e1s\u00e1ra, vagy ki\u00e9p\u00edt\u00e9s\u00e9re. A fejleszt\u00e9sek a term\u00e9shozam n\u00f6veked\u00e9s\u00e9ben is jelent\u0151s szerepet t\u00f6lthetnek be a szakemberek szerint. \u00dajabb t\u00e1mogat\u00e1sok \u00e9rkeznek az agr\u00e1r-szektorba. Augusztus elseje \u00f3ta k\u00f6zel 50 milli\u00e1rd forint t\u00e1mogat\u00e1sra p\u00e1ly\u00e1zhatnak a gazd\u00e1k \u00f6nt\u00f6z\u0151rendszereik fel\u00faj\u00edt\u00e1s\u00e1ra, vagy ki\u00e9p\u00edt\u00e9s\u00e9re. A fejleszt\u00e9sek [&hellip;]<\/p>\n","protected":false},"author":2,"featured_media":0,"comment_status":"closed","ping_status":"closed","sticky":false,"template":"","format":"standard","meta":[],"categories":[16],"tags":[],"_links":{"self":[{"href":"http:\/\/archiv.szolnoktv.hu\/index.php?rest_route=\/wp\/v2\/posts\/15566"}],"collection":[{"href":"http:\/\/archiv.szolnoktv.hu\/index.php?rest_route=\/wp\/v2\/posts"}],"about":[{"href":"http:\/\/archiv.szolnoktv.hu\/index.php?rest_route=\/wp\/v2\/types\/post"}],"author":[{"embeddable":true,"href":"http:\/\/archiv.szolnoktv.hu\/index.php?rest_route=\/wp\/v2\/users\/2"}],"replies":[{"embeddable":true,"href":"http:\/\/archiv.szolnoktv.hu\/index.php?rest_route=%2Fwp%2Fv2%2Fcomments&post=15566"}],"version-history":[{"count":1,"href":"http:\/\/archiv.szolnoktv.hu\/index.php?rest_route=\/wp\/v2\/posts\/15566\/revisions"}],"predecessor-version":[{"id":15573,"href":"http:\/\/archiv.szolnoktv.hu\/index.php?rest_route=\/wp\/v2\/posts\/15566\/revisions\/15573"}],"wp:attachment":[{"href":"http:\/\/archiv.szolnoktv.hu\/index.php?rest_route=%2Fwp%2Fv2%2Fmedia&parent=15566"}],"wp:term":[{"taxonomy":"category","embeddable":true,"href":"http:\/\/archiv.szolnoktv.hu\/index.php?rest_route=%2Fwp%2Fv2%2Fcategories&post=15566"},{"taxonomy":"post_tag","embeddable":true,"href":"http:\/\/archiv.szolnoktv.hu\/index.php?rest_route=%2Fwp%2Fv2%2Ftags&post=15566"}],"curies":[{"name":"wp","href":"https:\/\/api.w.org\/{rel}","templated":true}]}}