{"id":15565,"date":"2016-08-02T18:35:54","date_gmt":"2016-08-02T18:35:54","guid":{"rendered":"http:\/\/archiv.szolnoktv.hu\/?p=15565"},"modified":"2021-08-26T07:28:11","modified_gmt":"2021-08-26T07:28:11","slug":"lakatolj-okosan","status":"publish","type":"post","link":"http:\/\/archiv.szolnoktv.hu\/?p=15565","title":{"rendered":"Lakatolj okosan!"},"content":{"rendered":"<div class='booster-block booster-read-block'><\/div><p>Lakatolj okosan! Kamp\u00e1nyt ind\u00edtott a rend\u0151rs\u00e9g a ker\u00e9kp\u00e1rtolvajok ellen, a biztons\u00e1gos ker\u00e9kp\u00e1rt\u00e1rol\u00e1s n\u00e9pszer\u0171s\u00edt\u00e9s\u00e9re. Az akci\u00f3t sz\u00f3r\u00f3lapok hirdetik a v\u00e1ros t\u00f6bb pontj\u00e1n. St\u00e1bunk a vas\u00fat\u00e1llom\u00e1sn\u00e1l j\u00e1rt, ahol k\u00f6ztudottan sokan hagyj\u00e1k mag\u00e1ra biciklij\u00fcket.<br \/>\n<br \/>\n<div style=\"width: 640px;\" class=\"wp-video\"><!--[if lt IE 9]><script>document.createElement('video');<\/script><![endif]-->\n<video class=\"wp-video-shortcode\" id=\"video-15565-1\" width=\"640\" height=\"360\" preload=\"metadata\" controls=\"controls\"><source type=\"video\/mp4\" src=\"\/spots\/hir\/hir_160802_03_1.mp4?_=1\" \/><a href=\"\/spots\/hir\/hir_160802_03_1.mp4\">\/spots\/hir\/hir_160802_03_1.mp4<\/a><\/video><\/div><\/p>\n","protected":false},"excerpt":{"rendered":"<p>Lakatolj okosan! Kamp\u00e1nyt ind\u00edtott a rend\u0151rs\u00e9g a ker\u00e9kp\u00e1rtolvajok ellen, a biztons\u00e1gos ker\u00e9kp\u00e1rt\u00e1rol\u00e1s n\u00e9pszer\u0171s\u00edt\u00e9s\u00e9re. Az akci\u00f3t sz\u00f3r\u00f3lapok hirdetik a v\u00e1ros t\u00f6bb pontj\u00e1n. St\u00e1bunk a vas\u00fat\u00e1llom\u00e1sn\u00e1l j\u00e1rt, ahol k\u00f6ztudottan sokan hagyj\u00e1k mag\u00e1ra biciklij\u00fcket.<\/p>\n","protected":false},"author":2,"featured_media":0,"comment_status":"closed","ping_status":"closed","sticky":false,"template":"","format":"standard","meta":[],"categories":[16],"tags":[],"_links":{"self":[{"href":"http:\/\/archiv.szolnoktv.hu\/index.php?rest_route=\/wp\/v2\/posts\/15565"}],"collection":[{"href":"http:\/\/archiv.szolnoktv.hu\/index.php?rest_route=\/wp\/v2\/posts"}],"about":[{"href":"http:\/\/archiv.szolnoktv.hu\/index.php?rest_route=\/wp\/v2\/types\/post"}],"author":[{"embeddable":true,"href":"http:\/\/archiv.szolnoktv.hu\/index.php?rest_route=\/wp\/v2\/users\/2"}],"replies":[{"embeddable":true,"href":"http:\/\/archiv.szolnoktv.hu\/index.php?rest_route=%2Fwp%2Fv2%2Fcomments&post=15565"}],"version-history":[{"count":1,"href":"http:\/\/archiv.szolnoktv.hu\/index.php?rest_route=\/wp\/v2\/posts\/15565\/revisions"}],"predecessor-version":[{"id":15574,"href":"http:\/\/archiv.szolnoktv.hu\/index.php?rest_route=\/wp\/v2\/posts\/15565\/revisions\/15574"}],"wp:attachment":[{"href":"http:\/\/archiv.szolnoktv.hu\/index.php?rest_route=%2Fwp%2Fv2%2Fmedia&parent=15565"}],"wp:term":[{"taxonomy":"category","embeddable":true,"href":"http:\/\/archiv.szolnoktv.hu\/index.php?rest_route=%2Fwp%2Fv2%2Fcategories&post=15565"},{"taxonomy":"post_tag","embeddable":true,"href":"http:\/\/archiv.szolnoktv.hu\/index.php?rest_route=%2Fwp%2Fv2%2Ftags&post=15565"}],"curies":[{"name":"wp","href":"https:\/\/api.w.org\/{rel}","templated":true}]}}