{"id":15564,"date":"2016-08-02T18:33:33","date_gmt":"2016-08-02T18:33:33","guid":{"rendered":"http:\/\/archiv.szolnoktv.hu\/?p=15564"},"modified":"2021-08-26T07:28:11","modified_gmt":"2021-08-26T07:28:11","slug":"elhunyt-szurmay-erno","status":"publish","type":"post","link":"http:\/\/archiv.szolnoktv.hu\/?p=15564","title":{"rendered":"Elhunyt Szurmay Ern\u0151"},"content":{"rendered":"<div class='booster-block booster-read-block'><\/div><p>Elhunyt Szurmay Ern\u0151. A v\u00e1ros d\u00edszpolg\u00e1ra,kiv\u00e1l\u00f3 tan\u00e1r, nemcsak az oktat\u00e1s, hanem a k\u00f6zm\u0171vel\u0151d\u00e9s, az irodalom, a sz\u00ednh\u00e1z \u00e9s a k\u00f6nyvt\u00e1r\u00fcgy ter\u00fclet\u00e9n is maradand\u00f3t alkotott. A Verseghy K\u00f6nyvt\u00e1r egykori igazgat\u00f3ja 93 \u00e9vet \u00e9lt.<\/p>\n<p>A szolnoki kultur\u00e1lis \u00e9let meghat\u00e1roz\u00f3 szem\u00e9lyis\u00e9ge  pedag\u00f3gusk\u00e9nt, irodalom- \u00e9s m\u0171vel\u0151d\u00e9st\u00f6rt\u00e9n\u00e9szk\u00e9nt, iskola- \u00e9s k\u00f6nyvt\u00e1rigazgat\u00f3k\u00e9nt is a v\u00e1ros legnagyobb alakjai k\u00f6z\u00e9 tartozott. Irodalmi m\u0171velts\u00e9ge, pedag\u00f3giai j\u00e1rtass\u00e1ga, hum\u00e1numa \u00e9s egy\u00e9nis\u00e9ge azon kiemelked\u0151 szolnoki polg\u00e1rok k\u00f6z\u00e9 emeli, akiknek a v\u00e1ros mai kult\u00far\u00e1j\u00e1t, hagyom\u00e1nyait k\u00f6sz\u00f6nheti.<br \/>Verseghy Ferenc Megyei K\u00f6nyvt\u00e1r egykori igazgat\u00f3ja, Szurmay Ern\u0151 93 \u00e9vet \u00e9lt.<br \/>\n<div style=\"width: 640px;\" class=\"wp-video\"><!--[if lt IE 9]><script>document.createElement('video');<\/script><![endif]-->\n<video class=\"wp-video-shortcode\" id=\"video-15564-1\" width=\"640\" height=\"360\" preload=\"metadata\" controls=\"controls\"><source type=\"video\/mp4\" src=\"\/spots\/hir\/hir_160802_02.mp4?_=1\" \/><a href=\"\/spots\/hir\/hir_160802_02.mp4\">\/spots\/hir\/hir_160802_02.mp4<\/a><\/video><\/div><\/p>\n","protected":false},"excerpt":{"rendered":"<p>Elhunyt Szurmay Ern\u0151. A v\u00e1ros d\u00edszpolg\u00e1ra,kiv\u00e1l\u00f3 tan\u00e1r, nemcsak az oktat\u00e1s, hanem a k\u00f6zm\u0171vel\u0151d\u00e9s, az irodalom, a sz\u00ednh\u00e1z \u00e9s a k\u00f6nyvt\u00e1r\u00fcgy ter\u00fclet\u00e9n is maradand\u00f3t alkotott. A Verseghy K\u00f6nyvt\u00e1r egykori igazgat\u00f3ja 93 \u00e9vet \u00e9lt. A szolnoki kultur\u00e1lis \u00e9let meghat\u00e1roz\u00f3 szem\u00e9lyis\u00e9ge pedag\u00f3gusk\u00e9nt, irodalom- \u00e9s m\u0171vel\u0151d\u00e9st\u00f6rt\u00e9n\u00e9szk\u00e9nt, iskola- \u00e9s k\u00f6nyvt\u00e1rigazgat\u00f3k\u00e9nt is a v\u00e1ros legnagyobb alakjai k\u00f6z\u00e9 tartozott. Irodalmi m\u0171velts\u00e9ge, pedag\u00f3giai [&hellip;]<\/p>\n","protected":false},"author":2,"featured_media":0,"comment_status":"closed","ping_status":"closed","sticky":false,"template":"","format":"standard","meta":[],"categories":[16],"tags":[],"_links":{"self":[{"href":"http:\/\/archiv.szolnoktv.hu\/index.php?rest_route=\/wp\/v2\/posts\/15564"}],"collection":[{"href":"http:\/\/archiv.szolnoktv.hu\/index.php?rest_route=\/wp\/v2\/posts"}],"about":[{"href":"http:\/\/archiv.szolnoktv.hu\/index.php?rest_route=\/wp\/v2\/types\/post"}],"author":[{"embeddable":true,"href":"http:\/\/archiv.szolnoktv.hu\/index.php?rest_route=\/wp\/v2\/users\/2"}],"replies":[{"embeddable":true,"href":"http:\/\/archiv.szolnoktv.hu\/index.php?rest_route=%2Fwp%2Fv2%2Fcomments&post=15564"}],"version-history":[{"count":1,"href":"http:\/\/archiv.szolnoktv.hu\/index.php?rest_route=\/wp\/v2\/posts\/15564\/revisions"}],"predecessor-version":[{"id":15575,"href":"http:\/\/archiv.szolnoktv.hu\/index.php?rest_route=\/wp\/v2\/posts\/15564\/revisions\/15575"}],"wp:attachment":[{"href":"http:\/\/archiv.szolnoktv.hu\/index.php?rest_route=%2Fwp%2Fv2%2Fmedia&parent=15564"}],"wp:term":[{"taxonomy":"category","embeddable":true,"href":"http:\/\/archiv.szolnoktv.hu\/index.php?rest_route=%2Fwp%2Fv2%2Fcategories&post=15564"},{"taxonomy":"post_tag","embeddable":true,"href":"http:\/\/archiv.szolnoktv.hu\/index.php?rest_route=%2Fwp%2Fv2%2Ftags&post=15564"}],"curies":[{"name":"wp","href":"https:\/\/api.w.org\/{rel}","templated":true}]}}