{"id":15562,"date":"2016-08-01T18:00:12","date_gmt":"2016-08-01T18:00:12","guid":{"rendered":"http:\/\/archiv.szolnoktv.hu\/?p=15562"},"modified":"2021-08-26T07:28:11","modified_gmt":"2021-08-26T07:28:11","slug":"16-strandparti-szolnokon","status":"publish","type":"post","link":"http:\/\/archiv.szolnoktv.hu\/?p=15562","title":{"rendered":"16. Strandparti Szolnokon"},"content":{"rendered":"<div class='booster-block booster-read-block'><\/div><p>16. alkalommal j\u00f6ttek az orsz\u00e1g nyugd\u00edjasai Szolnokra f\u00fcrd\u0151zni egy kellemes stranparti keret\u00e9ben. Az eg\u00e9sz napos programon t\u00f6bb mint 700-an vettek r\u00e9szt \u00e9s a medenc\u00e9k mellett a kultur\u00e1lis programok is f\u0151szerephez jutottak<\/p>\n<p>A 16. Szolnoki Strandpartira t\u00f6bb, mint 700 nyugd\u00edjas \u00e9rkezett aut\u00f3busszal \u00e9s vonattal is szerte az orsz\u00e1gb\u00f3l. A t\u00f6bbi k\u00f6z\u00f6tt N\u00f3gr\u00e1d \u00e9s Fej\u00e9r megy\u00e9b\u0151l is j\u00f6ttek Szolnokra r\u00e9sztvev\u0151k JNSZ megye mellett. A program c\u00e9lja, hogy a ny\u00e1r k\u00f6zep\u00e9n egy napot Szolnokon t\u00f6ltsenek az orsz\u00e1g nyugd\u00edjasklubjainak tagjai, \u00e9s k\u00fcl\u00f6nb\u00f6z\u0151 m\u0171sorokkal \u00e9s fell\u00e9p\u00e9sekkel sz\u00f3rakoztass\u00e1k egym\u00e1st, illetve megismerkedjenek a v\u00e1ros nevezetess\u00e9geivel is.<br \/>\n<div style=\"width: 640px;\" class=\"wp-video\"><!--[if lt IE 9]><script>document.createElement('video');<\/script><![endif]-->\n<video class=\"wp-video-shortcode\" id=\"video-15562-1\" width=\"640\" height=\"360\" preload=\"metadata\" controls=\"controls\"><source type=\"video\/mp4\" src=\"\/spots\/hir\/hir_160801_02.mp4?_=1\" \/><a href=\"\/spots\/hir\/hir_160801_02.mp4\">\/spots\/hir\/hir_160801_02.mp4<\/a><\/video><\/div><\/p>\n","protected":false},"excerpt":{"rendered":"<p>16. alkalommal j\u00f6ttek az orsz\u00e1g nyugd\u00edjasai Szolnokra f\u00fcrd\u0151zni egy kellemes stranparti keret\u00e9ben. Az eg\u00e9sz napos programon t\u00f6bb mint 700-an vettek r\u00e9szt \u00e9s a medenc\u00e9k mellett a kultur\u00e1lis programok is f\u0151szerephez jutottak A 16. Szolnoki Strandpartira t\u00f6bb, mint 700 nyugd\u00edjas \u00e9rkezett aut\u00f3busszal \u00e9s vonattal is szerte az orsz\u00e1gb\u00f3l. A t\u00f6bbi k\u00f6z\u00f6tt N\u00f3gr\u00e1d \u00e9s Fej\u00e9r megy\u00e9b\u0151l is [&hellip;]<\/p>\n","protected":false},"author":2,"featured_media":0,"comment_status":"closed","ping_status":"closed","sticky":false,"template":"","format":"standard","meta":[],"categories":[16],"tags":[],"_links":{"self":[{"href":"http:\/\/archiv.szolnoktv.hu\/index.php?rest_route=\/wp\/v2\/posts\/15562"}],"collection":[{"href":"http:\/\/archiv.szolnoktv.hu\/index.php?rest_route=\/wp\/v2\/posts"}],"about":[{"href":"http:\/\/archiv.szolnoktv.hu\/index.php?rest_route=\/wp\/v2\/types\/post"}],"author":[{"embeddable":true,"href":"http:\/\/archiv.szolnoktv.hu\/index.php?rest_route=\/wp\/v2\/users\/2"}],"replies":[{"embeddable":true,"href":"http:\/\/archiv.szolnoktv.hu\/index.php?rest_route=%2Fwp%2Fv2%2Fcomments&post=15562"}],"version-history":[{"count":1,"href":"http:\/\/archiv.szolnoktv.hu\/index.php?rest_route=\/wp\/v2\/posts\/15562\/revisions"}],"predecessor-version":[{"id":15577,"href":"http:\/\/archiv.szolnoktv.hu\/index.php?rest_route=\/wp\/v2\/posts\/15562\/revisions\/15577"}],"wp:attachment":[{"href":"http:\/\/archiv.szolnoktv.hu\/index.php?rest_route=%2Fwp%2Fv2%2Fmedia&parent=15562"}],"wp:term":[{"taxonomy":"category","embeddable":true,"href":"http:\/\/archiv.szolnoktv.hu\/index.php?rest_route=%2Fwp%2Fv2%2Fcategories&post=15562"},{"taxonomy":"post_tag","embeddable":true,"href":"http:\/\/archiv.szolnoktv.hu\/index.php?rest_route=%2Fwp%2Fv2%2Ftags&post=15562"}],"curies":[{"name":"wp","href":"https:\/\/api.w.org\/{rel}","templated":true}]}}