{"id":15561,"date":"2016-08-01T17:58:40","date_gmt":"2016-08-01T17:58:40","guid":{"rendered":"http:\/\/archiv.szolnoktv.hu\/?p=15561"},"modified":"2021-08-26T07:28:11","modified_gmt":"2021-08-26T07:28:11","slug":"atalakul-a-szertelen-ifihaz","status":"publish","type":"post","link":"http:\/\/archiv.szolnoktv.hu\/?p=15561","title":{"rendered":"\u00c1talakul a szertelen ifih\u00e1z"},"content":{"rendered":"<div class='booster-block booster-read-block'><\/div><p>Sz\u00ednpaddal, k\u00e1v\u00e9z\u00f3val \u00e9s b\u00fabos kemenc\u00e9vel is b\u0151v\u00fcl az \u00e1talak\u00edt\u00e1s alatt \u00e1ll\u00f3 Szertelen Ifj\u00fas\u00e1gi H\u00e1z. A 14 \u00e9ve m\u0171k\u00f6d\u0151, fiataloknak hasznos \u00e9s kellemes elfoglalts\u00e1gokat ny\u00fajt\u00f3 h\u00e1z a j\u00f6v\u0151ben m\u00e9g t\u00f6bb programmal v\u00e1rhatja a bet\u00e9r\u0151ket.<\/p>\n<p>Igazi sz\u00f3rakoz\u00f3helly\u00e9 v\u00e1lik a szertelen ifj\u00fas\u00e1gi h\u00e1z. M\u00edg kor\u00e1bban egy teremben t\u00f6lthett\u00e9k hasznosan szabadidej\u00fcket a fiatalok, a j\u00f6v\u0151ben k\u00fcl\u00f6n kerthelyis\u00e9g, kemenc\u00e9s sarok \u00e9s sz\u00ednpaddal kib\u0151v\u00edtett, meg\u00fajult tal\u00e1lkoz\u00f3 hely v\u00e1rja a bet\u00e9r\u0151ket. A legnagyobb \u00fajdons\u00e1g a k\u00e1v\u00e9z\u00f3 lesz. A megszokott programok megmaradnak \u00e9s ezekhez \u00fajak t\u00e1rsulnak majd. Klubok alakulnak, bebizony\u00edtva, hogy f\u00fcgg\u0151s\u00e9get okoz\u00f3 szerek n\u00e9lk\u00fcl is lehet sz\u00f3rakozni, van m\u00e1s alternat\u00edva, mint hogy valamilyen b\u00f3d\u00edt\u00f3 szert haszn\u00e1ljak a fiatalok. A klubhelyis\u00e9g \u00e1talak\u00edt\u00e1s\u00e1hoz kapcsol\u00f3d\u00f3an rajzp\u00e1ly\u00e1zatot hirdettek, &#8220;A zene az kell&#8221;&#8221; c\u00edmmel. A rajzp\u00e1ly\u00e1zat bead\u00e1si hat\u00e1rideje szeptember v\u00e9ge. Az \u00e1talak\u00edtott \u00e9s kib\u0151v\u00edtett Szertelen Ifj\u00fas\u00e1gi H\u00e1z \u00fcnnep\u00e9lyes megnyit\u00f3ja okt\u00f3ber m\u00e1sodik fel\u00e9ben v\u00e1rhat\u00f3. &#8221;<br \/>\n<div style=\"width: 640px;\" class=\"wp-video\"><!--[if lt IE 9]><script>document.createElement('video');<\/script><![endif]-->\n<video class=\"wp-video-shortcode\" id=\"video-15561-1\" width=\"640\" height=\"360\" preload=\"metadata\" controls=\"controls\"><source type=\"video\/mp4\" src=\"\/spots\/hir\/hir_160801_03.mp4?_=1\" \/><a href=\"\/spots\/hir\/hir_160801_03.mp4\">\/spots\/hir\/hir_160801_03.mp4<\/a><\/video><\/div><\/p>\n","protected":false},"excerpt":{"rendered":"<p>Sz\u00ednpaddal, k\u00e1v\u00e9z\u00f3val \u00e9s b\u00fabos kemenc\u00e9vel is b\u0151v\u00fcl az \u00e1talak\u00edt\u00e1s alatt \u00e1ll\u00f3 Szertelen Ifj\u00fas\u00e1gi H\u00e1z. A 14 \u00e9ve m\u0171k\u00f6d\u0151, fiataloknak hasznos \u00e9s kellemes elfoglalts\u00e1gokat ny\u00fajt\u00f3 h\u00e1z a j\u00f6v\u0151ben m\u00e9g t\u00f6bb programmal v\u00e1rhatja a bet\u00e9r\u0151ket. Igazi sz\u00f3rakoz\u00f3helly\u00e9 v\u00e1lik a szertelen ifj\u00fas\u00e1gi h\u00e1z. M\u00edg kor\u00e1bban egy teremben t\u00f6lthett\u00e9k hasznosan szabadidej\u00fcket a fiatalok, a j\u00f6v\u0151ben k\u00fcl\u00f6n kerthelyis\u00e9g, kemenc\u00e9s sarok [&hellip;]<\/p>\n","protected":false},"author":2,"featured_media":0,"comment_status":"closed","ping_status":"closed","sticky":false,"template":"","format":"standard","meta":[],"categories":[16],"tags":[],"_links":{"self":[{"href":"http:\/\/archiv.szolnoktv.hu\/index.php?rest_route=\/wp\/v2\/posts\/15561"}],"collection":[{"href":"http:\/\/archiv.szolnoktv.hu\/index.php?rest_route=\/wp\/v2\/posts"}],"about":[{"href":"http:\/\/archiv.szolnoktv.hu\/index.php?rest_route=\/wp\/v2\/types\/post"}],"author":[{"embeddable":true,"href":"http:\/\/archiv.szolnoktv.hu\/index.php?rest_route=\/wp\/v2\/users\/2"}],"replies":[{"embeddable":true,"href":"http:\/\/archiv.szolnoktv.hu\/index.php?rest_route=%2Fwp%2Fv2%2Fcomments&post=15561"}],"version-history":[{"count":1,"href":"http:\/\/archiv.szolnoktv.hu\/index.php?rest_route=\/wp\/v2\/posts\/15561\/revisions"}],"predecessor-version":[{"id":15578,"href":"http:\/\/archiv.szolnoktv.hu\/index.php?rest_route=\/wp\/v2\/posts\/15561\/revisions\/15578"}],"wp:attachment":[{"href":"http:\/\/archiv.szolnoktv.hu\/index.php?rest_route=%2Fwp%2Fv2%2Fmedia&parent=15561"}],"wp:term":[{"taxonomy":"category","embeddable":true,"href":"http:\/\/archiv.szolnoktv.hu\/index.php?rest_route=%2Fwp%2Fv2%2Fcategories&post=15561"},{"taxonomy":"post_tag","embeddable":true,"href":"http:\/\/archiv.szolnoktv.hu\/index.php?rest_route=%2Fwp%2Fv2%2Ftags&post=15561"}],"curies":[{"name":"wp","href":"https:\/\/api.w.org\/{rel}","templated":true}]}}