{"id":15560,"date":"2016-08-01T15:15:32","date_gmt":"2016-08-01T15:15:32","guid":{"rendered":"http:\/\/archiv.szolnoktv.hu\/?p=15560"},"modified":"2021-08-26T07:28:12","modified_gmt":"2021-08-26T07:28:12","slug":"augusztus-elseje-a-szoptatas-vilagnapja","status":"publish","type":"post","link":"http:\/\/archiv.szolnoktv.hu\/?p=15560","title":{"rendered":"Augusztus elseje a szoptat\u00e1s vil\u00e1gnapja"},"content":{"rendered":"<div class='booster-block booster-read-block'><\/div><p>Ma van a szoptat\u00e1s vil\u00e1gnapja. Az anyatejes t\u00e1pl\u00e1l\u00e1s semmivel nem p\u00f3tolhat\u00f3. Ma m\u00e1r tudom\u00e1nyos t\u00e9ny, hogy a cukorbetegs\u00e9g, a magas v\u00e9rnyom\u00e1s, s\u0151t az allergia is megel\u0151zhet\u0151, elker\u00fclhet\u0151 seg\u00edts\u00e9g\u00e9vel.<\/p>\n<p>1990. augusztus 1-\u00e9n 32 orsz\u00e1g korm\u00e1nya \u00e9s 10 ENSZ szervezet (k\u00f6zt\u00fck a UNICEF \u00e9s a WHO) \u00edrta al\u00e1  a Szoptat\u00e1s V\u00e9delm\u00e9r\u0151l, El\u0151seg\u00edt\u00e9s\u00e9r\u0151l \u00e9s T\u00e1mogat\u00e1s\u00e1r\u00f3l&#8221; c\u00edm\u0171 nyilatkozatot.   Augusztus elsej\u00e9t pedig 1992-ben a Szoptat\u00e1s vil\u00e1gnapj\u00e1nak  nyilv\u00e1n\u00edtott\u00e1k. Az anyatejben ugyanis olyan n\u00e9lk\u00fcl\u00f6zhetetlen \u00e9s m\u00e1ssal p\u00f3tolhatatlan immunanyagok, t\u00e1panyagok vannak, melyek elengedhetetlenek az eg\u00e9szs\u00e9ges fejl\u0151d\u00e9shez. Az anyatejes t\u00e1pl\u00e1l\u00e1s\u00e9rt- a vil\u00e1gnap kapcs\u00e1n -S\u00e9t\u00e1t szerveznek szombaton d\u00e9lel\u0151tt f\u00e9l 10- t\u0151l  a Gyermekv\u00e1ros el\u0151l indulva.  &#8221;<br \/>\n<div style=\"width: 640px;\" class=\"wp-video\"><!--[if lt IE 9]><script>document.createElement('video');<\/script><![endif]-->\n<video class=\"wp-video-shortcode\" id=\"video-15560-1\" width=\"640\" height=\"360\" preload=\"metadata\" controls=\"controls\"><source type=\"video\/mp4\" src=\"\/spots\/hir\/hir_160801_01.mp4?_=1\" \/><a href=\"\/spots\/hir\/hir_160801_01.mp4\">\/spots\/hir\/hir_160801_01.mp4<\/a><\/video><\/div><\/p>\n","protected":false},"excerpt":{"rendered":"<p>Ma van a szoptat\u00e1s vil\u00e1gnapja. Az anyatejes t\u00e1pl\u00e1l\u00e1s semmivel nem p\u00f3tolhat\u00f3. Ma m\u00e1r tudom\u00e1nyos t\u00e9ny, hogy a cukorbetegs\u00e9g, a magas v\u00e9rnyom\u00e1s, s\u0151t az allergia is megel\u0151zhet\u0151, elker\u00fclhet\u0151 seg\u00edts\u00e9g\u00e9vel. 1990. augusztus 1-\u00e9n 32 orsz\u00e1g korm\u00e1nya \u00e9s 10 ENSZ szervezet (k\u00f6zt\u00fck a UNICEF \u00e9s a WHO) \u00edrta al\u00e1 a Szoptat\u00e1s V\u00e9delm\u00e9r\u0151l, El\u0151seg\u00edt\u00e9s\u00e9r\u0151l \u00e9s T\u00e1mogat\u00e1s\u00e1r\u00f3l&#8221; c\u00edm\u0171 nyilatkozatot. Augusztus [&hellip;]<\/p>\n","protected":false},"author":2,"featured_media":0,"comment_status":"closed","ping_status":"closed","sticky":false,"template":"","format":"standard","meta":[],"categories":[16],"tags":[],"_links":{"self":[{"href":"http:\/\/archiv.szolnoktv.hu\/index.php?rest_route=\/wp\/v2\/posts\/15560"}],"collection":[{"href":"http:\/\/archiv.szolnoktv.hu\/index.php?rest_route=\/wp\/v2\/posts"}],"about":[{"href":"http:\/\/archiv.szolnoktv.hu\/index.php?rest_route=\/wp\/v2\/types\/post"}],"author":[{"embeddable":true,"href":"http:\/\/archiv.szolnoktv.hu\/index.php?rest_route=\/wp\/v2\/users\/2"}],"replies":[{"embeddable":true,"href":"http:\/\/archiv.szolnoktv.hu\/index.php?rest_route=%2Fwp%2Fv2%2Fcomments&post=15560"}],"version-history":[{"count":1,"href":"http:\/\/archiv.szolnoktv.hu\/index.php?rest_route=\/wp\/v2\/posts\/15560\/revisions"}],"predecessor-version":[{"id":15579,"href":"http:\/\/archiv.szolnoktv.hu\/index.php?rest_route=\/wp\/v2\/posts\/15560\/revisions\/15579"}],"wp:attachment":[{"href":"http:\/\/archiv.szolnoktv.hu\/index.php?rest_route=%2Fwp%2Fv2%2Fmedia&parent=15560"}],"wp:term":[{"taxonomy":"category","embeddable":true,"href":"http:\/\/archiv.szolnoktv.hu\/index.php?rest_route=%2Fwp%2Fv2%2Fcategories&post=15560"},{"taxonomy":"post_tag","embeddable":true,"href":"http:\/\/archiv.szolnoktv.hu\/index.php?rest_route=%2Fwp%2Fv2%2Ftags&post=15560"}],"curies":[{"name":"wp","href":"https:\/\/api.w.org\/{rel}","templated":true}]}}