{"id":15559,"date":"2016-07-29T17:06:38","date_gmt":"2016-07-29T17:06:38","guid":{"rendered":"http:\/\/archiv.szolnoktv.hu\/?p=15559"},"modified":"2021-08-26T07:28:12","modified_gmt":"2021-08-26T07:28:12","slug":"tisza-parti-nyar-zaras","status":"publish","type":"post","link":"http:\/\/archiv.szolnoktv.hu\/?p=15559","title":{"rendered":"Tisza-parti ny\u00e1r z\u00e1r\u00e1s"},"content":{"rendered":"<div class='booster-block booster-read-block'><\/div><p>Utols\u00f3 \u00e1llom\u00e1s\u00e1hoz \u00e9rkezik szombaton a Tisza-parti ny\u00e1r. A Hild t\u00e9rr\u0151l motorok \u00e9s  tuning aut\u00f3k indulnak majd v\u00e1rosi felvonul\u00e1sra. Majd rockabilly hangulat \u00e9s 1,5 \u00f3r\u00e1s Karthag\u00f3 koncert v\u00e1rja az \u00e9rdekl\u0151d\u0151ket.<\/p>\n<p>Harmadik, utols\u00f3 h\u00e9tv\u00e9g\u00e9j\u00e9hez \u00e9rkezett  a Tisza-parti ny\u00e1r. A Hild t\u00e9ren szombaton  d\u00e9lut\u00e1n 4 \u00f3rakor kezd\u0151dnek a programok. Ekkor regisztr\u00e1lhatnak a legkisebbek a motoros felvonul\u00e1sra. Saj\u00e1t kismotorral, de ak\u00e1r fut\u00f3biciklivel is nevezhetnek a legb\u00e1trabbak. A feln\u0151ttek sem maradnak \u00e9lm\u00e9ny n\u00e9lk\u00fcl. F\u00e9l 6 kor indulnak a nagy motorok a Hild t\u00e9rr\u0151l. A zen\u00e9r\u0151l itt guit\u00e1r hero gondoskodik. A motorosokhoz csatlakoznak majd a 7. tuning tal\u00e1lkoz\u00f3 \u00e9p\u00edtett \u00e9s tuning aut\u00f3i is. A sz\u00ednes \u00e9s hangos menet az eg\u00e9sz v\u00e1roson v\u00e9gigd\u00fcb\u00f6r\u00f6g majd. A Hild t\u00e9ren ek\u00f6zben kuty\u00e1s bemutat\u00f3 sz\u00f3rakoztatja a k\u00f6z\u00f6ns\u00e9get. F\u00e9l 7-t\u0151l az Ed Philips l\u00e9p sz\u00ednpadra, akik  rockabilly hangulatot var\u00e1zsolnak a t\u00e9rre. K\u00f6zben rock and roll utca v\u00e1rja a sz\u00f3rakozni v\u00e1gy\u00f3kat az Aba Nov\u00e1k Kultur\u00e1lis K\u00f6zpont \u00e9s az Ag\u00f3ra \u00e9p\u00fcletei k\u00f6z\u00f6tt hamis\u00edtatlan country muzsik\u00e1val. Az est cs\u00facspontjak\u00e9nt a legend\u00e1s  Karthag\u00f3 egy\u00fcttes 1,5 \u00f3r\u00e1s koncertje k\u00e1pr\u00e1ztatja el a k\u00f6z\u00f6ns\u00e9get. A t\u00e1nc sem marad el, DJ.H\u00e1m Tibi \u00e9jf\u00e9lig j\u00e1tssza majd a talpal\u00e1val\u00f3t a Tisza-parti nyarat z\u00e1r\u00f3 utcab\u00e1lon.<br \/>\n<div style=\"width: 640px;\" class=\"wp-video\"><!--[if lt IE 9]><script>document.createElement('video');<\/script><![endif]-->\n<video class=\"wp-video-shortcode\" id=\"video-15559-1\" width=\"640\" height=\"360\" preload=\"metadata\" controls=\"controls\"><source type=\"video\/mp4\" src=\"\/spots\/hir\/hir_160729_02.mp4?_=1\" \/><a href=\"\/spots\/hir\/hir_160729_02.mp4\">\/spots\/hir\/hir_160729_02.mp4<\/a><\/video><\/div><\/p>\n","protected":false},"excerpt":{"rendered":"<p>Utols\u00f3 \u00e1llom\u00e1s\u00e1hoz \u00e9rkezik szombaton a Tisza-parti ny\u00e1r. A Hild t\u00e9rr\u0151l motorok \u00e9s tuning aut\u00f3k indulnak majd v\u00e1rosi felvonul\u00e1sra. Majd rockabilly hangulat \u00e9s 1,5 \u00f3r\u00e1s Karthag\u00f3 koncert v\u00e1rja az \u00e9rdekl\u0151d\u0151ket. Harmadik, utols\u00f3 h\u00e9tv\u00e9g\u00e9j\u00e9hez \u00e9rkezett a Tisza-parti ny\u00e1r. A Hild t\u00e9ren szombaton d\u00e9lut\u00e1n 4 \u00f3rakor kezd\u0151dnek a programok. Ekkor regisztr\u00e1lhatnak a legkisebbek a motoros felvonul\u00e1sra. Saj\u00e1t kismotorral, [&hellip;]<\/p>\n","protected":false},"author":2,"featured_media":0,"comment_status":"closed","ping_status":"closed","sticky":false,"template":"","format":"standard","meta":[],"categories":[16],"tags":[],"_links":{"self":[{"href":"http:\/\/archiv.szolnoktv.hu\/index.php?rest_route=\/wp\/v2\/posts\/15559"}],"collection":[{"href":"http:\/\/archiv.szolnoktv.hu\/index.php?rest_route=\/wp\/v2\/posts"}],"about":[{"href":"http:\/\/archiv.szolnoktv.hu\/index.php?rest_route=\/wp\/v2\/types\/post"}],"author":[{"embeddable":true,"href":"http:\/\/archiv.szolnoktv.hu\/index.php?rest_route=\/wp\/v2\/users\/2"}],"replies":[{"embeddable":true,"href":"http:\/\/archiv.szolnoktv.hu\/index.php?rest_route=%2Fwp%2Fv2%2Fcomments&post=15559"}],"version-history":[{"count":1,"href":"http:\/\/archiv.szolnoktv.hu\/index.php?rest_route=\/wp\/v2\/posts\/15559\/revisions"}],"predecessor-version":[{"id":15580,"href":"http:\/\/archiv.szolnoktv.hu\/index.php?rest_route=\/wp\/v2\/posts\/15559\/revisions\/15580"}],"wp:attachment":[{"href":"http:\/\/archiv.szolnoktv.hu\/index.php?rest_route=%2Fwp%2Fv2%2Fmedia&parent=15559"}],"wp:term":[{"taxonomy":"category","embeddable":true,"href":"http:\/\/archiv.szolnoktv.hu\/index.php?rest_route=%2Fwp%2Fv2%2Fcategories&post=15559"},{"taxonomy":"post_tag","embeddable":true,"href":"http:\/\/archiv.szolnoktv.hu\/index.php?rest_route=%2Fwp%2Fv2%2Ftags&post=15559"}],"curies":[{"name":"wp","href":"https:\/\/api.w.org\/{rel}","templated":true}]}}