{"id":15558,"date":"2016-07-29T17:05:38","date_gmt":"2016-07-29T17:05:38","guid":{"rendered":"http:\/\/archiv.szolnoktv.hu\/?p=15558"},"modified":"2021-08-26T07:28:12","modified_gmt":"2021-08-26T07:28:12","slug":"szeretem-szolnokot","status":"publish","type":"post","link":"http:\/\/archiv.szolnoktv.hu\/?p=15558","title":{"rendered":"Szeretem Szolnokot"},"content":{"rendered":"<div class='booster-block booster-read-block'><\/div><p>Lehet m\u00e9g p\u00e1ly\u00e1zni a &#8220;Szeretem Szolnokot&#8221;&#8221; elnevez\u00e9s\u0171 versenyre. Fot\u00f3, film, festm\u00e9ny, mont\u00e1zs vagy \u00e9pp vers is kifejezheti mindazt, amit az alkot\u00f3 gondol a megyesz\u00e9khelyr\u0151l. Ilyen m\u0171veket v\u00e1rnak augusztus 14-ig a v\u00e1rosh\u00e1za szakemberei. &#8221;<\/p>\n<p>Lehet festm\u00e9ny, lehet rajz, film, vers vagy novella, a l\u00e9nyeg, hogy azt mutassa be &#8211; az alkot\u00f3 milyennek l\u00e1tja Szolnokot, mi\u00e9rt \u00e9rdemes szeretni a megyesz\u00e9khelyt. A &#8220;Szeretem Szolnokot&#8221;&#8221; alkot\u00f3i p\u00e1ly\u00e1zatra augusztus 14-\u00e9n d\u00e9lig v\u00e1rj\u00e1k a m\u0171veket. Olyan \u00e9rt\u00e9kes pillanatok megragad\u00e1sa a c\u00e9l, melyek bemutatj\u00e1k a v\u00e1ros term\u00e9szeti \u00e9s \u00e9p\u00edtett \u00e9rt\u00e9keit, egy-egy v\u00e1roshoz kapcsol\u00f3d\u00f3 pozit\u00edv \u00e9lm\u00e9nyt, valamint alkalmasak arra, hogy er\u0151s\u00edts\u00e9k az itt \u00e9l\u0151k, illetve a turist\u00e1k v\u00e1roshoz val\u00f3 k\u00f6t\u0151d\u00e9s\u00e9t. P\u00e1ly\u00e1z\u00f3nk\u00e9nt 3 darab, tetsz\u0151leges technik\u00e1val k\u00e9sz\u00fclt, de digit\u00e1lisan bek\u00fcldhet\u0151 \u00e9s bemutathat\u00f3 p\u00e1lyam\u0171vet v\u00e1rnak a szervez\u0151k a szeretemszolnokot@ph.szolnok.hu e-mail c\u00edmre. A versenyre bek\u00fcld\u00f6tt alkot\u00e1sok egyszerre visszajelz\u00e9s \u00e9s \u00fatmutat\u00e1s a v\u00e1rosvezet\u00e9s sz\u00e1m\u00e1ra, hiszen l\u00e1ttatja, hogy mit tartanak fontosnak \u00e9s \u00e9rt\u00e9knek az itt \u00e9l\u0151k. A be\u00e9rkez\u0151 p\u00e1lyam\u0171veket n\u00e9gytag\u00fa zs\u0171ri \u00e9rt\u00e9keli. A k\u00f6z\u00f6ns\u00e9g a \u201eszeretemszolnokot\u201e facebook oldalon tud szavazni aug. 22 -e \u00e9s  25-e k\u00f6z\u00f6tt. A p\u00e1ly\u00e1zat eredm\u00e9nyeir\u0151l a p\u00e1ly\u00e1z\u00f3k e-mailben vagy telefonon kapnak \u00e9rtes\u00edt\u00e9st. A legjobb m\u0171vek beker\u00fclnek a v\u00e1rost n\u00e9pszer\u0171s\u00edt\u0151 kiadv\u00e1nyokba, k\u00e9sz\u00edt\u0151j\u00fck pedig \u00e9rt\u00e9kes nyerem\u00e9nnyel gazdagodik. &#8221;<br \/>\n<div style=\"width: 640px;\" class=\"wp-video\"><!--[if lt IE 9]><script>document.createElement('video');<\/script><![endif]-->\n<video class=\"wp-video-shortcode\" id=\"video-15558-1\" width=\"640\" height=\"360\" preload=\"metadata\" controls=\"controls\"><source type=\"video\/mp4\" src=\"\/spots\/hir\/hir_160729_04.mp4?_=1\" \/><a href=\"\/spots\/hir\/hir_160729_04.mp4\">\/spots\/hir\/hir_160729_04.mp4<\/a><\/video><\/div><\/p>\n","protected":false},"excerpt":{"rendered":"<p>Lehet m\u00e9g p\u00e1ly\u00e1zni a &#8220;Szeretem Szolnokot&#8221;&#8221; elnevez\u00e9s\u0171 versenyre. Fot\u00f3, film, festm\u00e9ny, mont\u00e1zs vagy \u00e9pp vers is kifejezheti mindazt, amit az alkot\u00f3 gondol a megyesz\u00e9khelyr\u0151l. Ilyen m\u0171veket v\u00e1rnak augusztus 14-ig a v\u00e1rosh\u00e1za szakemberei. &#8221; Lehet festm\u00e9ny, lehet rajz, film, vers vagy novella, a l\u00e9nyeg, hogy azt mutassa be &#8211; az alkot\u00f3 milyennek l\u00e1tja Szolnokot, mi\u00e9rt \u00e9rdemes [&hellip;]<\/p>\n","protected":false},"author":2,"featured_media":0,"comment_status":"closed","ping_status":"closed","sticky":false,"template":"","format":"standard","meta":[],"categories":[16],"tags":[],"_links":{"self":[{"href":"http:\/\/archiv.szolnoktv.hu\/index.php?rest_route=\/wp\/v2\/posts\/15558"}],"collection":[{"href":"http:\/\/archiv.szolnoktv.hu\/index.php?rest_route=\/wp\/v2\/posts"}],"about":[{"href":"http:\/\/archiv.szolnoktv.hu\/index.php?rest_route=\/wp\/v2\/types\/post"}],"author":[{"embeddable":true,"href":"http:\/\/archiv.szolnoktv.hu\/index.php?rest_route=\/wp\/v2\/users\/2"}],"replies":[{"embeddable":true,"href":"http:\/\/archiv.szolnoktv.hu\/index.php?rest_route=%2Fwp%2Fv2%2Fcomments&post=15558"}],"version-history":[{"count":1,"href":"http:\/\/archiv.szolnoktv.hu\/index.php?rest_route=\/wp\/v2\/posts\/15558\/revisions"}],"predecessor-version":[{"id":15581,"href":"http:\/\/archiv.szolnoktv.hu\/index.php?rest_route=\/wp\/v2\/posts\/15558\/revisions\/15581"}],"wp:attachment":[{"href":"http:\/\/archiv.szolnoktv.hu\/index.php?rest_route=%2Fwp%2Fv2%2Fmedia&parent=15558"}],"wp:term":[{"taxonomy":"category","embeddable":true,"href":"http:\/\/archiv.szolnoktv.hu\/index.php?rest_route=%2Fwp%2Fv2%2Fcategories&post=15558"},{"taxonomy":"post_tag","embeddable":true,"href":"http:\/\/archiv.szolnoktv.hu\/index.php?rest_route=%2Fwp%2Fv2%2Ftags&post=15558"}],"curies":[{"name":"wp","href":"https:\/\/api.w.org\/{rel}","templated":true}]}}