{"id":15557,"date":"2016-07-29T17:03:36","date_gmt":"2016-07-29T17:03:36","guid":{"rendered":"http:\/\/archiv.szolnoktv.hu\/?p=15557"},"modified":"2021-08-26T07:28:12","modified_gmt":"2021-08-26T07:28:12","slug":"17-euroatlanti-nyari-egyetem","status":"publish","type":"post","link":"http:\/\/archiv.szolnoktv.hu\/?p=15557","title":{"rendered":"17. Euroatlanti Ny\u00e1ri Egyetem"},"content":{"rendered":"<div class='booster-block booster-read-block'><\/div><p>Sz\u00fcks\u00e9g van a j\u00f3 szakemberre! 80 rend\u0151r, katona, b\u00edr\u00f3s\u00e1gi dolgoz\u00f3 \u00e9s doktorandusz vehette \u00e1t  az Euro-atlanti Ny\u00e1ri Egyetem elv\u00e9gz\u00e9s\u00e9t igazol\u00f3 tan\u00fas\u00edtv\u00e1ny\u00e1t. A hallgat\u00f3k els\u0151sorban biztons\u00e1gpolitikai \u00e9s glob\u00e1lis k\u00e9rd\u00e9sekkel ismerkedtek meg.<\/p>\n<p>Sz\u00fcks\u00e9g van a j\u00f3 szakemberre! 80 rend\u0151r, katona, b\u00edr\u00f3s\u00e1gi dolgoz\u00f3 \u00e9s doktorandusz vehette \u00e1t  az Euro-atlanti Ny\u00e1ri Egyetem elv\u00e9gz\u00e9s\u00e9t igazol\u00f3 tan\u00fas\u00edtv\u00e1ny\u00e1t. A hallgat\u00f3k els\u0151sorban biztons\u00e1gpolitikai \u00e9s glob\u00e1lis k\u00e9rd\u00e9sekkel ismerkedtek meg. Magyarorsz\u00e1g NATO csatlakoz\u00e1s\u00e1t k\u00f6vet\u0151en 17. alkalommal rendezt\u00e9k meg a k\u00e9pz\u00e9si programot. Az \u00f6t nap alatt  szak\u00e9rt\u0151k \u00e9s oktat\u00f3k bevon\u00e1s\u00e1val a hallgat\u00f3k megismerkedhettek a t\u00f6bbi k\u00f6z\u00f6tt Eur\u00f3pa \u00e9s a k\u00f6rnyez\u0151 r\u00e9gi\u00f3k biztons\u00e1gpolitikai folyamataival n\u00e9gy nagy t\u00e9mak\u00f6rben. A 30 \u00f3r\u00e1s k\u00e9pz\u00e9s el\u0151ad\u00e1sai, szemin\u00e1riumai \u00e9s v\u00e1ls\u00e1gkezel\u0151 szimul\u00e1ci\u00f3i seg\u00edts\u00e9g\u00e9vel a hallgat\u00f3k \u00e1tfog\u00f3 k\u00e9pet kaptak korunk megl\u00e9v\u0151 \u00e9s lehets\u00e9ges konfliktusair\u00f3l, illetve a magyar biztons\u00e1gpolitika ir\u00e1ny\u00e1r\u00f3l. Szolnok negyedik alkalommal fogadta a programot.<br \/>\n<div style=\"width: 640px;\" class=\"wp-video\"><!--[if lt IE 9]><script>document.createElement('video');<\/script><![endif]-->\n<video class=\"wp-video-shortcode\" id=\"video-15557-1\" width=\"640\" height=\"360\" preload=\"metadata\" controls=\"controls\"><source type=\"video\/mp4\" src=\"\/spots\/hir\/hir_160729_05.mp4?_=1\" \/><a href=\"\/spots\/hir\/hir_160729_05.mp4\">\/spots\/hir\/hir_160729_05.mp4<\/a><\/video><\/div><\/p>\n","protected":false},"excerpt":{"rendered":"<p>Sz\u00fcks\u00e9g van a j\u00f3 szakemberre! 80 rend\u0151r, katona, b\u00edr\u00f3s\u00e1gi dolgoz\u00f3 \u00e9s doktorandusz vehette \u00e1t az Euro-atlanti Ny\u00e1ri Egyetem elv\u00e9gz\u00e9s\u00e9t igazol\u00f3 tan\u00fas\u00edtv\u00e1ny\u00e1t. A hallgat\u00f3k els\u0151sorban biztons\u00e1gpolitikai \u00e9s glob\u00e1lis k\u00e9rd\u00e9sekkel ismerkedtek meg. Sz\u00fcks\u00e9g van a j\u00f3 szakemberre! 80 rend\u0151r, katona, b\u00edr\u00f3s\u00e1gi dolgoz\u00f3 \u00e9s doktorandusz vehette \u00e1t az Euro-atlanti Ny\u00e1ri Egyetem elv\u00e9gz\u00e9s\u00e9t igazol\u00f3 tan\u00fas\u00edtv\u00e1ny\u00e1t. A hallgat\u00f3k els\u0151sorban biztons\u00e1gpolitikai [&hellip;]<\/p>\n","protected":false},"author":2,"featured_media":0,"comment_status":"closed","ping_status":"closed","sticky":false,"template":"","format":"standard","meta":[],"categories":[16],"tags":[],"_links":{"self":[{"href":"http:\/\/archiv.szolnoktv.hu\/index.php?rest_route=\/wp\/v2\/posts\/15557"}],"collection":[{"href":"http:\/\/archiv.szolnoktv.hu\/index.php?rest_route=\/wp\/v2\/posts"}],"about":[{"href":"http:\/\/archiv.szolnoktv.hu\/index.php?rest_route=\/wp\/v2\/types\/post"}],"author":[{"embeddable":true,"href":"http:\/\/archiv.szolnoktv.hu\/index.php?rest_route=\/wp\/v2\/users\/2"}],"replies":[{"embeddable":true,"href":"http:\/\/archiv.szolnoktv.hu\/index.php?rest_route=%2Fwp%2Fv2%2Fcomments&post=15557"}],"version-history":[{"count":1,"href":"http:\/\/archiv.szolnoktv.hu\/index.php?rest_route=\/wp\/v2\/posts\/15557\/revisions"}],"predecessor-version":[{"id":15582,"href":"http:\/\/archiv.szolnoktv.hu\/index.php?rest_route=\/wp\/v2\/posts\/15557\/revisions\/15582"}],"wp:attachment":[{"href":"http:\/\/archiv.szolnoktv.hu\/index.php?rest_route=%2Fwp%2Fv2%2Fmedia&parent=15557"}],"wp:term":[{"taxonomy":"category","embeddable":true,"href":"http:\/\/archiv.szolnoktv.hu\/index.php?rest_route=%2Fwp%2Fv2%2Fcategories&post=15557"},{"taxonomy":"post_tag","embeddable":true,"href":"http:\/\/archiv.szolnoktv.hu\/index.php?rest_route=%2Fwp%2Fv2%2Ftags&post=15557"}],"curies":[{"name":"wp","href":"https:\/\/api.w.org\/{rel}","templated":true}]}}