{"id":15556,"date":"2016-07-29T17:02:29","date_gmt":"2016-07-29T17:02:29","guid":{"rendered":"http:\/\/archiv.szolnoktv.hu\/?p=15556"},"modified":"2021-08-26T07:28:12","modified_gmt":"2021-08-26T07:28:12","slug":"felidoben-a-szezon-idegenforgalmi-osszegzes","status":"publish","type":"post","link":"http:\/\/archiv.szolnoktv.hu\/?p=15556","title":{"rendered":"F\u00e9lid\u0151ben a szezon, idegenforgalmi \u00f6sszegz\u00e9s"},"content":{"rendered":"<div class='booster-block booster-read-block'><\/div><p>Visszat\u00e9r\u0151ben a hollandok. Bizakod\u00e1sra ad okot az idegenforgalmi szezon els\u0151 fele. J\u00e1sz- Nagykun- Szolnok Megye egyre n\u00e9pszer\u0171bb turisztikai c\u00e9lpont. Ha a folytat\u00e1s is hasonl\u00f3 lesz, akkor id\u00e9n is rekord \u00e9vet z\u00e1rhatnak az idegenforgalommal foglalkoz\u00f3k. A k\u00fclf\u00f6ldr\u0151l \u00e9rkez\u0151k \u00fajabban nem csak \u00e9lm\u00e9nyt, hanem biztons\u00e1got is keresnek.<\/p>\n<p> J\u00f3l teljes\u00edtett megy\u00e9nk az elm\u00falt esztend\u0151ben. A vend\u00e9g\u00e9jszak\u00e1k sz\u00e1ma- ter\u00fcletar\u00e1nyosan- meghaladta az orsz\u00e1gos \u00e1tlagot. T\u00e9rs\u00e9g\u00fcnk \u00e9rt\u00e9kei tov\u00e1bbra is els\u0151sorban adotts\u00e1gainkb\u00f3l erednek. Els\u0151 helyen a v\u00edz, a v\u00edzpart, a f\u00fcrd\u0151k \u00e1llnak. E- tendencia k\u00f6sz\u00f6n vissza most a szezon k\u00f6zep\u00e9n is. Szinte minden h\u00e9tv\u00e9ge tartogat valamilyen t\u00f6megrendezv\u00e9nyt. Legyen az koncert, vagy \u00e9ppen gasztron\u00f3miai fesztiv\u00e1l. Ez ut\u00f3bbi tekintet\u00e9ben p\u00e9ld\u00e1ul k\u00fcl\u00f6n\u00f6sen gazdag a k\u00edn\u00e1lat. A belf\u00f6ldi turist\u00e1k mellett tov\u00e1bbra is sz\u00e9p sz\u00e1mmal \u00e9rkeznek a hat\u00e1ron t\u00falr\u00f3l. F\u0151leg a k\u00f6rnyez\u0151 orsz\u00e1gok polg\u00e1rai \u00e9rzik j\u00f3l itt magukat, de a szlov\u00e1k, rom\u00e1n, lengyel, szerb \u00e9s osztr\u00e1k turist\u00e1k mellett Nagy- Britanni\u00e1b\u00f3l is van \u00e9rdekl\u0151d\u00e9s. Visszat\u00e9r\u0151ben vannak a hollandok \u00e9s v\u00e1rhat\u00f3an m\u00e1s nyugat eur\u00f3pai orsz\u00e1gok is felfigyelnek az Alf\u00f6ldi r\u00e9gi\u00f3 \u00e9rt\u00e9keire. \u00dagy t\u0171nik fel\u00e9rt\u00e9kel\u0151d\u00f6tt a biztons\u00e1g, az eur\u00f3pai terrorhull\u00e1m miatt a pihenni v\u00e1gy\u00f3k a kontinens eldugottabb r\u00e9szei fel\u00e9 vett\u00e9k az ir\u00e1nyt.<br \/>\n<div style=\"width: 640px;\" class=\"wp-video\"><!--[if lt IE 9]><script>document.createElement('video');<\/script><![endif]-->\n<video class=\"wp-video-shortcode\" id=\"video-15556-1\" width=\"640\" height=\"360\" preload=\"metadata\" controls=\"controls\"><source type=\"video\/mp4\" src=\"\/spots\/hir\/hir_160729_03.mp4?_=1\" \/><a href=\"\/spots\/hir\/hir_160729_03.mp4\">\/spots\/hir\/hir_160729_03.mp4<\/a><\/video><\/div><\/p>\n","protected":false},"excerpt":{"rendered":"<p>Visszat\u00e9r\u0151ben a hollandok. Bizakod\u00e1sra ad okot az idegenforgalmi szezon els\u0151 fele. J\u00e1sz- Nagykun- Szolnok Megye egyre n\u00e9pszer\u0171bb turisztikai c\u00e9lpont. Ha a folytat\u00e1s is hasonl\u00f3 lesz, akkor id\u00e9n is rekord \u00e9vet z\u00e1rhatnak az idegenforgalommal foglalkoz\u00f3k. A k\u00fclf\u00f6ldr\u0151l \u00e9rkez\u0151k \u00fajabban nem csak \u00e9lm\u00e9nyt, hanem biztons\u00e1got is keresnek. J\u00f3l teljes\u00edtett megy\u00e9nk az elm\u00falt esztend\u0151ben. A vend\u00e9g\u00e9jszak\u00e1k sz\u00e1ma- ter\u00fcletar\u00e1nyosan- [&hellip;]<\/p>\n","protected":false},"author":2,"featured_media":0,"comment_status":"closed","ping_status":"closed","sticky":false,"template":"","format":"standard","meta":[],"categories":[16],"tags":[],"_links":{"self":[{"href":"http:\/\/archiv.szolnoktv.hu\/index.php?rest_route=\/wp\/v2\/posts\/15556"}],"collection":[{"href":"http:\/\/archiv.szolnoktv.hu\/index.php?rest_route=\/wp\/v2\/posts"}],"about":[{"href":"http:\/\/archiv.szolnoktv.hu\/index.php?rest_route=\/wp\/v2\/types\/post"}],"author":[{"embeddable":true,"href":"http:\/\/archiv.szolnoktv.hu\/index.php?rest_route=\/wp\/v2\/users\/2"}],"replies":[{"embeddable":true,"href":"http:\/\/archiv.szolnoktv.hu\/index.php?rest_route=%2Fwp%2Fv2%2Fcomments&post=15556"}],"version-history":[{"count":1,"href":"http:\/\/archiv.szolnoktv.hu\/index.php?rest_route=\/wp\/v2\/posts\/15556\/revisions"}],"predecessor-version":[{"id":15583,"href":"http:\/\/archiv.szolnoktv.hu\/index.php?rest_route=\/wp\/v2\/posts\/15556\/revisions\/15583"}],"wp:attachment":[{"href":"http:\/\/archiv.szolnoktv.hu\/index.php?rest_route=%2Fwp%2Fv2%2Fmedia&parent=15556"}],"wp:term":[{"taxonomy":"category","embeddable":true,"href":"http:\/\/archiv.szolnoktv.hu\/index.php?rest_route=%2Fwp%2Fv2%2Fcategories&post=15556"},{"taxonomy":"post_tag","embeddable":true,"href":"http:\/\/archiv.szolnoktv.hu\/index.php?rest_route=%2Fwp%2Fv2%2Ftags&post=15556"}],"curies":[{"name":"wp","href":"https:\/\/api.w.org\/{rel}","templated":true}]}}